{"viewingHint":"paged","service":[],"structures":[{"ranges":["https://sammlung.volkskundemuseum.at/i3f/v20/317637/range/317722","https://sammlung.volkskundemuseum.at/i3f/v20/317637/range/317723"],"viewingHint":"top","@id":"https://sammlung.volkskundemuseum.at/i3f/v20/317637/range/317637","@type":"sc:Range","label":"Table of Contents"},{"canvases":["https://sammlung.volkskundemuseum.at/i3f/v20/317637/canvas/318007"],"@id":"https://sammlung.volkskundemuseum.at/i3f/v20/317637/range/317722","@type":"sc:Range","label":"dig/44519: Volkskundemuseum Wien / Foto: Pixelstorm, Wien"},{"canvases":["https://sammlung.volkskundemuseum.at/i3f/v20/317637/canvas/318008"],"@id":"https://sammlung.volkskundemuseum.at/i3f/v20/317637/range/317723","@type":"sc:Range","label":"dig/44520: Volkskundemuseum Wien / Foto: Pixelstorm, Wien"}],"sequences":[{"canvases":[{"height":5711,"width":6661,"images":[{"resource":{"service":{"profile":"http://iiif.io/api/image/2/level2.json","@context":"http://iiif.io/api/image/2/context.json","@id":"https://sammlung.volkskundemuseum.at/i3f/v20/318007"},"format":"image/jpeg","height":857,"width":1000,"@id":"https://sammlung.volkskundemuseum.at/download/webcache/1000/318007","@type":"dctypes:Image"},"on":"https://sammlung.volkskundemuseum.at/i3f/v20/317637/canvas/318007","motivation":"sc:painting","@id":"https://sammlung.volkskundemuseum.at/i3f/v20/317637/annotation/318007","@type":"oa:Annotation"}],"label":"[1]","@id":"https://sammlung.volkskundemuseum.at/i3f/v20/317637/canvas/318007","@type":"sc:Canvas"},{"height":5472,"width":6330,"images":[{"resource":{"service":{"profile":"http://iiif.io/api/image/2/level2.json","@context":"http://iiif.io/api/image/2/context.json","@id":"https://sammlung.volkskundemuseum.at/i3f/v20/318008"},"format":"image/jpeg","height":864,"width":1000,"@id":"https://sammlung.volkskundemuseum.at/download/webcache/1000/318008","@type":"dctypes:Image"},"on":"https://sammlung.volkskundemuseum.at/i3f/v20/317637/canvas/318008","motivation":"sc:painting","@id":"https://sammlung.volkskundemuseum.at/i3f/v20/317637/annotation/318008","@type":"oa:Annotation"}],"label":"[2]","@id":"https://sammlung.volkskundemuseum.at/i3f/v20/317637/canvas/318008","@type":"sc:Canvas"}],"viewingHint":"paged","startCanvas":"https://sammlung.volkskundemuseum.at/i3f/v20/317637/canvas/318007","viewingDirection":"left-to-right","label":"Current Page Order","@context":"http://iiif.io/api/presentation/2/context.json","@id":"https://sammlung.volkskundemuseum.at/i3f/v20/317637/sequence/normal","@type":"sc:Sequence"}],"label":"\u00d6MV/42226: Erinnerungsbild: Haarkranz in goldgerahmtem K\u00e4stchen","thumbnail":{"width":304,"height":260,"@id":"https://sammlung.volkskundemuseum.at/i3f/v21/318007/full/304/0/default.jpg","@type":"dctypes:Image","format":"image/jpeg"},"logo":{"@id":"https://sammlung.volkskundemuseum.at/domainresource/static/graphics/connectors/viewerLogo.gif","service":{"profile":"http://iiif.io/api/image/2/level2.json","@context":"http://iiif.io/api/image/2/context.json","@id":""}},"@context":"http://iiif.io/api/presentation/2/context.json","seeAlso":{"format":"application/xml","@id":"https://sammlung.volkskundemuseum.at/oai?verb=GetRecord&metadataPrefix=mets&identifier=317637","label":"METS"},"@id":"https://sammlung.volkskundemuseum.at/i3f/v20/317637/manifest","@type":"sc:Manifest","metadata":[{"value":"Erinnerungsbild mit einem Bl\u00fctenkranz aus Haaren in einem goldgerahmten K\u00e4stchen. Bl\u00fcten und Knospen aus braunschattierten Haaren in Schlingen- und Schlaufentechnik winden sich in Form eines breiten, nach oben offenen Kranzes um die Inschrift \"Erinnerung 1853.\" Die Bl\u00fctenmitten sind mit wei\u00dfen Glasperlen ausgef\u00fcllt. Rocailles aus rosafarbigem, blauem sowie braunem Glas bringen Farbigkeit in die Komposition. Inschrift und Datierung sind aus aufgeklebten Haaren gefertigt. Der Kranz ist auf einem flachen Polster aus wei\u00dfer Seide in Satinbindung montiert. Das Erinnerungsbild stammt aus Wiener Familienbesitz. M\u00f6glicherweise wurde der Kranz aus den Haaren einzelner Familienmitglieder gefertigt.","label":"Beschreibung"},{"value":"unbekannt","label":"Hersteller:in"},{"value":"Wien (Herstellungsort)   ; 1853 (Herstellungszeit, datiert)","label":"Entstehung"},{"value":"Wien (Verwendungsort)   ; nach 1853-1933 (Zeitraum vor Erwerbung durch Museum)","label":"Verwendung"},{"value":"Holz ; Golddraht ; Draht ; Haar (Menschliches Material) ; Seidensatin ; Glasperle ; Glasperle (Rocaille) ; Glas ; Kunstblume","label":"Material"},{"value":"geklebt (Haar) ; Schlingentechnik (Haar) ; Schlaufentechnik (Haar) ; N\u00e4harbeit","label":"Technik"},{"value":"Querformat","label":"Format"},{"value":"H: 31,5 cm B: 37 cm T: 8,5 cm","label":"Abmessungen"},{"value":"Objekt","label":"Objekttyp"},{"value":"Haarbild  ; Erinnerungsbild","label":"Objektart"},{"value":"Hempel, Gudrun: Schmuck aus Haaren. Wien 1981 (= Kataloge des \u00d6sterreichischen Museums f\u00fcr Volkskunde 56).\r\rHempel, Gudrun: Schmuck aus Haaren. 2., erw. Auflage. Wien 1982 (= Kataloge des \u00d6sterreichischen Museums f\u00fcr Volkskunde 57).","label":"Weiterf\u00fchrende Informationen"},{"value":"\u00d6MV/42226","label":"Inventarnummer"},{"value":"Erinnerungskultur","label":"Assoziation"},{"value":"ERINNERUNG 1853.","label":"Inschrift / Aufschrift"},{"value":"Schenkung","label":"Erwerbungsart"}]}