{"viewingHint":"paged","service":[],"structures":[{"ranges":["https://sammlung.volkskundemuseum.at/i3f/v20/317635/range/317711","https://sammlung.volkskundemuseum.at/i3f/v20/317635/range/317712"],"viewingHint":"top","@id":"https://sammlung.volkskundemuseum.at/i3f/v20/317635/range/317635","@type":"sc:Range","label":"Table of Contents"},{"canvases":["https://sammlung.volkskundemuseum.at/i3f/v20/317635/canvas/318003"],"@id":"https://sammlung.volkskundemuseum.at/i3f/v20/317635/range/317711","@type":"sc:Range","label":"dig/40711: Volkskundemuseum Wien"},{"canvases":["https://sammlung.volkskundemuseum.at/i3f/v20/317635/canvas/318004"],"@id":"https://sammlung.volkskundemuseum.at/i3f/v20/317635/range/317712","@type":"sc:Range","label":"dig/40712: Volkskundemuseum Wien"}],"sequences":[{"canvases":[{"height":4601,"width":3085,"images":[{"resource":{"service":{"profile":"http://iiif.io/api/image/2/level2.json","@context":"http://iiif.io/api/image/2/context.json","@id":"https://sammlung.volkskundemuseum.at/i3f/v20/318003"},"format":"image/jpeg","height":1491,"width":1000,"@id":"https://sammlung.volkskundemuseum.at/download/webcache/1000/318003","@type":"dctypes:Image"},"on":"https://sammlung.volkskundemuseum.at/i3f/v20/317635/canvas/318003","motivation":"sc:painting","@id":"https://sammlung.volkskundemuseum.at/i3f/v20/317635/annotation/318003","@type":"oa:Annotation"}],"label":"[1]","@id":"https://sammlung.volkskundemuseum.at/i3f/v20/317635/canvas/318003","@type":"sc:Canvas"},{"height":2308,"width":1549,"images":[{"resource":{"service":{"profile":"http://iiif.io/api/image/2/level2.json","@context":"http://iiif.io/api/image/2/context.json","@id":"https://sammlung.volkskundemuseum.at/i3f/v20/318004"},"format":"image/jpeg","height":1489,"width":1000,"@id":"https://sammlung.volkskundemuseum.at/download/webcache/1000/318004","@type":"dctypes:Image"},"on":"https://sammlung.volkskundemuseum.at/i3f/v20/317635/canvas/318004","motivation":"sc:painting","@id":"https://sammlung.volkskundemuseum.at/i3f/v20/317635/annotation/318004","@type":"oa:Annotation"}],"label":"[2]","@id":"https://sammlung.volkskundemuseum.at/i3f/v20/317635/canvas/318004","@type":"sc:Canvas"}],"viewingHint":"paged","startCanvas":"https://sammlung.volkskundemuseum.at/i3f/v20/317635/canvas/318003","viewingDirection":"left-to-right","label":"Current Page Order","@context":"http://iiif.io/api/presentation/2/context.json","@id":"https://sammlung.volkskundemuseum.at/i3f/v20/317635/sequence/normal","@type":"sc:Sequence"}],"label":"\u00d6MV/6890: Erinnerungsbild mit Kreuz aus Haaren","thumbnail":{"width":304,"height":453,"@id":"https://sammlung.volkskundemuseum.at/i3f/v21/318003/full/304/0/default.jpg","@type":"dctypes:Image","format":"image/jpeg"},"logo":{"@id":"https://sammlung.volkskundemuseum.at/domainresource/static/graphics/connectors/viewerLogo.gif","service":{"profile":"http://iiif.io/api/image/2/level2.json","@context":"http://iiif.io/api/image/2/context.json","@id":""}},"@context":"http://iiif.io/api/presentation/2/context.json","seeAlso":{"format":"application/xml","@id":"https://sammlung.volkskundemuseum.at/oai?verb=GetRecord&metadataPrefix=mets&identifier=317635","label":"METS"},"@id":"https://sammlung.volkskundemuseum.at/i3f/v20/317635/manifest","@type":"sc:Manifest","metadata":[{"value":"Sterbeandenken mit aufgen\u00e4htem Kreuz aus den braunen Haaren des Verstorbenen. Die Kreuzenden sind mit Formpailetten aus Goldpapier abgedeckt. Die Blattrahmung wurde mit Tusche gezeichnet.","label":"Beschreibung"},{"value":"unbekannt","label":"Hersteller:in"},{"value":"Perti, Carl","label":"Beteiligt"},{"value":"unbekannt (Herstellungsort)  ; nach 14.03.1859 (Herstellungszeit, datiert)","label":"Entstehung"},{"value":"unbekannt (Verwendungsort)  ; 1859 (datiert)","label":"Verwendung"},{"value":"Papier ; Haar (Menschliches Material) ; Goldpapier, gepr\u00e4gt","label":"Material"},{"value":"N\u00e4harbeit ; Feder in Tusche ; handschriftlich","label":"Technik"},{"value":"Hochformat","label":"Format"},{"value":"H: 9,3 cm B: 5,9 cm","label":"Abmessungen"},{"value":"Objekt","label":"Objekttyp"},{"value":"Haarbild  ; Totengedenkbild","label":"Objektart"},{"value":"Hempel, Gudrun: Schmuck aus Haaren. Wien 1981 (= Kataloge des \u00d6sterreichischen Museums f\u00fcr Volkskunde 56).\r\rHempel, Gudrun: Schmuck aus Haaren. 2., erw. Auflage. Wien 1982 (= Kataloge des \u00d6sterreichischen Museums f\u00fcr Volkskunde 57).","label":"Weiterf\u00fchrende Informationen"},{"value":"\u00d6MV/6890","label":"Inventarnummer"},{"value":"Zur Erinnerung an Carl Perti gestorben den 14 M\u00e4rz [1]859","label":"Inschrift / Aufschrift"},{"value":"Ankauf","label":"Erwerbungsart"}]}