{"viewingHint":"paged","service":[],"structures":[{"ranges":["https://sammlung.volkskundemuseum.at/i3f/v20/294169/range/295925"],"viewingHint":"top","@id":"https://sammlung.volkskundemuseum.at/i3f/v20/294169/range/294169","@type":"sc:Range","label":"Table of Contents"},{"canvases":["https://sammlung.volkskundemuseum.at/i3f/v20/294169/canvas/297707"],"@id":"https://sammlung.volkskundemuseum.at/i3f/v20/294169/range/295925","@type":"sc:Range","label":"dig/39683: Volkskundemuseum Wien"}],"sequences":[{"canvases":[{"height":7281,"width":4995,"images":[{"resource":{"service":{"profile":"http://iiif.io/api/image/2/level2.json","@context":"http://iiif.io/api/image/2/context.json","@id":"https://sammlung.volkskundemuseum.at/i3f/v20/297707"},"format":"image/jpeg","height":1457,"width":1000,"@id":"https://sammlung.volkskundemuseum.at/download/webcache/1000/297707","@type":"dctypes:Image"},"on":"https://sammlung.volkskundemuseum.at/i3f/v20/294169/canvas/297707","motivation":"sc:painting","@id":"https://sammlung.volkskundemuseum.at/i3f/v20/294169/annotation/297707","@type":"oa:Annotation"}],"label":"[1]","@id":"https://sammlung.volkskundemuseum.at/i3f/v20/294169/canvas/297707","@type":"sc:Canvas"}],"viewingHint":"paged","startCanvas":"https://sammlung.volkskundemuseum.at/i3f/v20/294169/canvas/297707","viewingDirection":"left-to-right","label":"Current Page Order","@context":"http://iiif.io/api/presentation/2/context.json","@id":"https://sammlung.volkskundemuseum.at/i3f/v20/294169/sequence/normal","@type":"sc:Sequence"}],"label":"neg/1127: Negativ: Krautschneider aus dem Montafon, Vorarlberg","thumbnail":{"width":304,"height":443,"@id":"https://sammlung.volkskundemuseum.at/i3f/v21/297707/full/304/0/default.jpg","@type":"dctypes:Image","format":"image/jpeg"},"logo":{"@id":"https://sammlung.volkskundemuseum.at/domainresource/static/graphics/connectors/viewerLogo.gif","service":{"profile":"http://iiif.io/api/image/2/level2.json","@context":"http://iiif.io/api/image/2/context.json","@id":""}},"@context":"http://iiif.io/api/presentation/2/context.json","seeAlso":{"format":"application/xml","@id":"https://sammlung.volkskundemuseum.at/oai?verb=GetRecord&metadataPrefix=mets&identifier=294169","label":"METS"},"@id":"https://sammlung.volkskundemuseum.at/i3f/v20/294169/manifest","@type":"sc:Manifest","metadata":[{"value":"Abgebildet ist eine Grafik, die einen Mann mit Wanderstock, Pfeife im Mund, Hut und einem umgeh\u00e4ngten Krauthobel zeigt. Unterhalb der Grafik ist \"Krautschneider aus Montafun, Vorarlberg.\" zu lesen. Signiert ist die Zeichnung mit \"J. Mutz[\u2014 \u2014] 1879\".","label":"Beschreibung"},{"value":"[Mitarbeiter:in des Museums?]","label":"Fotograf:in"},{"value":"Lipperheide, Franz","label":"Beteiligt"},{"value":"[Wien 8., Laudongasse 15-19?] (Aufnahmeort)  ; vor 1940 (Aufnahmedatum)","label":"Entstehung"},{"value":"Glas, Fotografie","label":"Material"},{"value":"Negativverfahren schwarz-wei\u00df auf Glas","label":"Technik"},{"value":"Hochformat","label":"Format"},{"value":"H: 14,2 cm B: 9,3 cm","label":"Abmessungen"},{"value":"Objekt","label":"Objekttyp"},{"value":"Glasnegativ, schwarz-wei\u00df","label":"Objektart"},{"value":"neg/1127","label":"Inventarnummer"},{"value":"Tracht","label":"Assoziation"},{"value":"[neg/1120] - Negativ: Reproduktion Krautschneider aus dem Montafon, Vorarlberg[neg/1121] - Negativ: Krautschneider aus dem Montafon, Vorarlberg und Wurzelsammlerin, Tirol, Reproduktion","label":"\u00c4hnliche Objekte"},{"value":"Negativ: Krautschneider aus Montafun, Vorarlberg. // Bl\u00e4tter f\u00fcr Kost\u00fcmkunde. Neue Folge. - 127. Blatt. /// 1127\rPergamin: Tracht St. \u00c4gyd N.\u00d6. Neue Tracht 1926.\rPapierh\u00fclle: 1127 // Tracht aus St. Aegyd in Nieder O esterr. ? Neue Tracht.","label":"Inschrift / Aufschrift"},{"value":"[Museumsaufnahme, historisch?]","label":"Erwerbungsart"}]}