{"viewingHint":"paged","service":[],"structures":[{"ranges":["https://sammlung.volkskundemuseum.at/i3f/v20/294117/range/295872"],"viewingHint":"top","@id":"https://sammlung.volkskundemuseum.at/i3f/v20/294117/range/294117","@type":"sc:Range","label":"Table of Contents"},{"canvases":["https://sammlung.volkskundemuseum.at/i3f/v20/294117/canvas/297655"],"@id":"https://sammlung.volkskundemuseum.at/i3f/v20/294117/range/295872","@type":"sc:Range","label":"dig/39631: Volkskundemuseum Wien"}],"sequences":[{"canvases":[{"height":4590,"width":6024,"images":[{"resource":{"service":{"profile":"http://iiif.io/api/image/2/level2.json","@context":"http://iiif.io/api/image/2/context.json","@id":"https://sammlung.volkskundemuseum.at/i3f/v20/297655"},"format":"image/jpeg","height":761,"width":1000,"@id":"https://sammlung.volkskundemuseum.at/download/webcache/1000/297655","@type":"dctypes:Image"},"on":"https://sammlung.volkskundemuseum.at/i3f/v20/294117/canvas/297655","motivation":"sc:painting","@id":"https://sammlung.volkskundemuseum.at/i3f/v20/294117/annotation/297655","@type":"oa:Annotation"}],"label":"[1]","@id":"https://sammlung.volkskundemuseum.at/i3f/v20/294117/canvas/297655","@type":"sc:Canvas"}],"viewingHint":"paged","startCanvas":"https://sammlung.volkskundemuseum.at/i3f/v20/294117/canvas/297655","viewingDirection":"left-to-right","label":"Current Page Order","@context":"http://iiif.io/api/presentation/2/context.json","@id":"https://sammlung.volkskundemuseum.at/i3f/v20/294117/sequence/normal","@type":"sc:Sequence"}],"label":"neg/1075: Negativ: Prozession, Tirol","thumbnail":{"width":304,"height":231,"@id":"https://sammlung.volkskundemuseum.at/i3f/v21/297655/full/304/0/default.jpg","@type":"dctypes:Image","format":"image/jpeg"},"logo":{"@id":"https://sammlung.volkskundemuseum.at/domainresource/static/graphics/connectors/viewerLogo.gif","service":{"profile":"http://iiif.io/api/image/2/level2.json","@context":"http://iiif.io/api/image/2/context.json","@id":""}},"@context":"http://iiif.io/api/presentation/2/context.json","seeAlso":{"format":"application/xml","@id":"https://sammlung.volkskundemuseum.at/oai?verb=GetRecord&metadataPrefix=mets&identifier=294117","label":"METS"},"@id":"https://sammlung.volkskundemuseum.at/i3f/v20/294117/manifest","@type":"sc:Manifest","metadata":[{"value":"Glasnegativ, Fehler in der Entwicklung: Abgebildet ist eine gro\u00dfe Gruppe von jungen Frauen mit Blumenkr\u00e4nzen, Blusen mit auffallenden \u00c4rmeln und Spitzensch\u00fcrzen. Hinter ihnen ein Geb\u00e4ude, eine Heiligenstatue und angedeutet Felsen.","label":"Beschreibung"},{"value":"unbekannt","label":"Fotograf:in"},{"value":"unbekannt (Aufnahmeort)  ; vor 1940 (Aufnahmedatum)","label":"Entstehung"},{"value":"Glas, Fotografie","label":"Material"},{"value":"Negativverfahren schwarz-wei\u00df auf Glas","label":"Technik"},{"value":"Querformat","label":"Format"},{"value":"H: 8,9 cm B: 11,9 cm","label":"Abmessungen"},{"value":"Objekt","label":"Objekttyp"},{"value":"Glasnegativ, schwarz-wei\u00df","label":"Objektart"},{"value":"neg/1075","label":"Inventarnummer"},{"value":"Tracht","label":"Assoziation"},{"value":"Negativ: 1075\rPapierh\u00fclle: Na[?] Prozession, M\u00e4dchen\rPapierh\u00fclle: 1075 // Tirol. Nasircit[?].  Prozession. M\u00e4dchen in Tracht.","label":"Inschrift / Aufschrift"},{"value":"unbekannt","label":"Erwerbungsart"}]}