{"viewingHint":"paged","service":[],"structures":[{"ranges":["https://sammlung.volkskundemuseum.at/i3f/v20/293848/range/295505"],"viewingHint":"top","@id":"https://sammlung.volkskundemuseum.at/i3f/v20/293848/range/293848","@type":"sc:Range","label":"Table of Contents"},{"canvases":["https://sammlung.volkskundemuseum.at/i3f/v20/293848/canvas/297296"],"@id":"https://sammlung.volkskundemuseum.at/i3f/v20/293848/range/295505","@type":"sc:Range","label":"dig/39274: Volkskundemuseum Wien"}],"sequences":[{"canvases":[{"height":6022,"width":4632,"images":[{"resource":{"service":{"profile":"http://iiif.io/api/image/2/level2.json","@context":"http://iiif.io/api/image/2/context.json","@id":"https://sammlung.volkskundemuseum.at/i3f/v20/297296"},"format":"image/jpeg","height":1300,"width":1000,"@id":"https://sammlung.volkskundemuseum.at/download/webcache/1000/297296","@type":"dctypes:Image"},"on":"https://sammlung.volkskundemuseum.at/i3f/v20/293848/canvas/297296","motivation":"sc:painting","@id":"https://sammlung.volkskundemuseum.at/i3f/v20/293848/annotation/297296","@type":"oa:Annotation"}],"label":"[1]","@id":"https://sammlung.volkskundemuseum.at/i3f/v20/293848/canvas/297296","@type":"sc:Canvas"}],"viewingHint":"paged","startCanvas":"https://sammlung.volkskundemuseum.at/i3f/v20/293848/canvas/297296","viewingDirection":"left-to-right","label":"Current Page Order","@context":"http://iiif.io/api/presentation/2/context.json","@id":"https://sammlung.volkskundemuseum.at/i3f/v20/293848/sequence/normal","@type":"sc:Sequence"}],"label":"neg/819: Negativ: Mann in Tracht, Sparbach, Nieder\u00f6sterreich","thumbnail":{"width":304,"height":395,"@id":"https://sammlung.volkskundemuseum.at/i3f/v21/297296/full/304/0/default.jpg","@type":"dctypes:Image","format":"image/jpeg"},"logo":{"@id":"https://sammlung.volkskundemuseum.at/domainresource/static/graphics/connectors/viewerLogo.gif","service":{"profile":"http://iiif.io/api/image/2/level2.json","@context":"http://iiif.io/api/image/2/context.json","@id":""}},"@context":"http://iiif.io/api/presentation/2/context.json","seeAlso":{"format":"application/xml","@id":"https://sammlung.volkskundemuseum.at/oai?verb=GetRecord&metadataPrefix=mets&identifier=293848","label":"METS"},"@id":"https://sammlung.volkskundemuseum.at/i3f/v20/293848/manifest","@type":"sc:Manifest","metadata":[{"value":"Glasnegativ, Schwarz/ Wei\u00df: Abgebildet ist ein Mann in Tracht vor einem Eingang mit Holzt\u00fcr stehend. Er h\u00e4lt eine Pfeife in der Hand.","label":"Beschreibung"},{"value":"unbekannt","label":"Fotograf:in"},{"value":"Sparbach bei M\u00f6dling (Aufnahmeort)  ; vor 1940 (Aufnahmedatum)","label":"Entstehung"},{"value":"Glas, Fotografie","label":"Material"},{"value":"Negativverfahren schwarz-wei\u00df auf Glas","label":"Technik"},{"value":"Hochformat","label":"Format"},{"value":"H: 12 cm B: 9 cm","label":"Abmessungen"},{"value":"Objekt","label":"Objekttyp"},{"value":"Glasnegativ, schwarz-wei\u00df","label":"Objektart"},{"value":"neg/819","label":"Inventarnummer"},{"value":"Tracht","label":"Assoziation"},{"value":"Papierh\u00fclle: 819 // Bauer in Sparbach. N Oester.","label":"Inschrift / Aufschrift"},{"value":"unbekannt","label":"Erwerbungsart"}]}