{"viewingHint":"paged","service":[],"structures":[{"ranges":["https://sammlung.volkskundemuseum.at/i3f/v20/293448/range/295075"],"viewingHint":"top","@id":"https://sammlung.volkskundemuseum.at/i3f/v20/293448/range/293448","@type":"sc:Range","label":"Table of Contents"},{"canvases":["https://sammlung.volkskundemuseum.at/i3f/v20/293448/canvas/296895"],"@id":"https://sammlung.volkskundemuseum.at/i3f/v20/293448/range/295075","@type":"sc:Range","label":"dig/38819: Volkskundemuseum Wien"}],"sequences":[{"canvases":[{"height":5976,"width":4592,"images":[{"resource":{"service":{"profile":"http://iiif.io/api/image/2/level2.json","@context":"http://iiif.io/api/image/2/context.json","@id":"https://sammlung.volkskundemuseum.at/i3f/v20/296895"},"format":"image/jpeg","height":1301,"width":1000,"@id":"https://sammlung.volkskundemuseum.at/download/webcache/1000/296895","@type":"dctypes:Image"},"on":"https://sammlung.volkskundemuseum.at/i3f/v20/293448/canvas/296895","motivation":"sc:painting","@id":"https://sammlung.volkskundemuseum.at/i3f/v20/293448/annotation/296895","@type":"oa:Annotation"}],"label":"[1]","@id":"https://sammlung.volkskundemuseum.at/i3f/v20/293448/canvas/296895","@type":"sc:Canvas"}],"viewingHint":"paged","startCanvas":"https://sammlung.volkskundemuseum.at/i3f/v20/293448/canvas/296895","viewingDirection":"left-to-right","label":"Current Page Order","@context":"http://iiif.io/api/presentation/2/context.json","@id":"https://sammlung.volkskundemuseum.at/i3f/v20/293448/sequence/normal","@type":"sc:Sequence"}],"label":"neg/433: Negativ: N\u00e4htischst\u00f6ckerl mit Nadelkissen, Zubeh\u00f6r zu einem N\u00e4hmaschinentisch","thumbnail":{"width":304,"height":395,"@id":"https://sammlung.volkskundemuseum.at/i3f/v21/296895/full/304/0/default.jpg","@type":"dctypes:Image","format":"image/jpeg"},"logo":{"@id":"https://sammlung.volkskundemuseum.at/domainresource/static/graphics/connectors/viewerLogo.gif","service":{"profile":"http://iiif.io/api/image/2/level2.json","@context":"http://iiif.io/api/image/2/context.json","@id":""}},"@context":"http://iiif.io/api/presentation/2/context.json","seeAlso":{"format":"application/xml","@id":"https://sammlung.volkskundemuseum.at/oai?verb=GetRecord&metadataPrefix=mets&identifier=293448","label":"METS"},"@id":"https://sammlung.volkskundemuseum.at/i3f/v20/293448/manifest","@type":"sc:Manifest","metadata":[{"value":"Auf dieser Fotografie ist ein N\u00e4htischaufsatz, der als N\u00e4htischst\u00f6ckerl bezeichnet wird, abgebildet. Wahrscheinlich ist dieses abgebildete Objekt Teil der Sammlung des Volkskundemuseum Wien. Von dieser Aufnahme existiert auch ein Diapositiv (dia/5849) in der Fotosammlung des Volkskundemuseum Wien.","label":"Beschreibung"},{"value":"[Mitarbeiter:in des Museums?]","label":"Fotograf:in"},{"value":"[Wien 8., Laudongasse 15-19?] (Aufnahmeort)  ; vor 1940 (Aufnahmedatum)","label":"Entstehung"},{"value":"Glas, Fotografie","label":"Material"},{"value":"Negativverfahren schwarz-wei\u00df auf Glas","label":"Technik"},{"value":"Hochformat","label":"Format"},{"value":"H: 11,9 cm B: 8,9 cm","label":"Abmessungen"},{"value":"Objekt","label":"Objekttyp"},{"value":"Glasnegativ, schwarz-wei\u00df","label":"Objektart"},{"value":"neg/433","label":"Inventarnummer"},{"value":"Negativ: 433\rPergaminh\u00fclle: N\u00e4htischst\u00f6ckel M.f.V.\rUmschlag: 433 // N\u00e4htischst\u00f6ckel M.f.V.","label":"Inschrift / Aufschrift"},{"value":"[Museumsaufnahme, historisch?]","label":"Erwerbungsart"}]}