{"viewingHint":"paged","service":[],"structures":[{"ranges":["https://sammlung.volkskundemuseum.at/i3f/v20/293436/range/295063"],"viewingHint":"top","@id":"https://sammlung.volkskundemuseum.at/i3f/v20/293436/range/293436","@type":"sc:Range","label":"Table of Contents"},{"canvases":["https://sammlung.volkskundemuseum.at/i3f/v20/293436/canvas/296883"],"@id":"https://sammlung.volkskundemuseum.at/i3f/v20/293436/range/295063","@type":"sc:Range","label":"dig/38807: Volkskundemuseum Wien"}],"sequences":[{"canvases":[{"height":4632,"width":6004,"images":[{"resource":{"service":{"profile":"http://iiif.io/api/image/2/level2.json","@context":"http://iiif.io/api/image/2/context.json","@id":"https://sammlung.volkskundemuseum.at/i3f/v20/296883"},"format":"image/jpeg","height":771,"width":1000,"@id":"https://sammlung.volkskundemuseum.at/download/webcache/1000/296883","@type":"dctypes:Image"},"on":"https://sammlung.volkskundemuseum.at/i3f/v20/293436/canvas/296883","motivation":"sc:painting","@id":"https://sammlung.volkskundemuseum.at/i3f/v20/293436/annotation/296883","@type":"oa:Annotation"}],"label":"[1]","@id":"https://sammlung.volkskundemuseum.at/i3f/v20/293436/canvas/296883","@type":"sc:Canvas"}],"viewingHint":"paged","startCanvas":"https://sammlung.volkskundemuseum.at/i3f/v20/293436/canvas/296883","viewingDirection":"left-to-right","label":"Current Page Order","@context":"http://iiif.io/api/presentation/2/context.json","@id":"https://sammlung.volkskundemuseum.at/i3f/v20/293436/sequence/normal","@type":"sc:Sequence"}],"label":"neg/421: Negativ: Handkarden, Kard\u00e4tschen oder Kratzb\u00fcrsten aus dem Eisacktal, S\u00fcdtirol, aus der Sammlung des Volkskundemuseum Wien","thumbnail":{"width":304,"height":234,"@id":"https://sammlung.volkskundemuseum.at/i3f/v21/296883/full/304/0/default.jpg","@type":"dctypes:Image","format":"image/jpeg"},"logo":{"@id":"https://sammlung.volkskundemuseum.at/domainresource/static/graphics/connectors/viewerLogo.gif","service":{"profile":"http://iiif.io/api/image/2/level2.json","@context":"http://iiif.io/api/image/2/context.json","@id":""}},"@context":"http://iiif.io/api/presentation/2/context.json","seeAlso":{"format":"application/xml","@id":"https://sammlung.volkskundemuseum.at/oai?verb=GetRecord&metadataPrefix=mets&identifier=293436","label":"METS"},"@id":"https://sammlung.volkskundemuseum.at/i3f/v20/293436/manifest","@type":"sc:Manifest","metadata":[{"value":"Bei den auf der Fotografie abgebildeten Werkzeugen handelt es sich um Karde, Kratze bzw. Kratzb\u00fcrste, welche aus dem Eisacktal, S\u00fcdtirol, stammen. Beide Objekte sind Teil der Sammlung des Volkskundemuseum Wien (\u00d6MV/29501, \u00d6MV/39147). Von dieser Aufnahme existiert auch ein Diapositiv (dia/3878) in der Fotosammlung des Volkskundemuseum Wien.","label":"Beschreibung"},{"value":"[Mitarbeiter:in des Museums?]","label":"Fotograf:in"},{"value":"[Wien 8., Laudongasse 15-19?] (Aufnahmeort)  ; vor 1940 (Aufnahmedatum)","label":"Entstehung"},{"value":"Glas, Fotografie","label":"Material"},{"value":"Negativverfahren schwarz-wei\u00df auf Glas","label":"Technik"},{"value":"Querformat","label":"Format"},{"value":"H: 9 cm B: 12 cm","label":"Abmessungen"},{"value":"Objekt","label":"Objekttyp"},{"value":"Glasnegativ, schwarz-wei\u00df","label":"Objektart"},{"value":"neg/421","label":"Inventarnummer"},{"value":"[neg/422] - Negativ: Handkarden, Kard\u00e4tschen oder Kratzb\u00fcrsten aus dem Eisacktal, S\u00fcdtirol, aus der Sammlung des Volkskundemuseum Wien","label":"\u00c4hnliche Objekte"},{"value":"Negativ: 421\rPergaminh\u00fclle: Kratzb\u00fcrsten Eisacktal M.f.V.\rUmschlag: 421 // Kratzb\u00fcrste aus dem Eisackgebiet. M.f.V: // Dia: 3878","label":"Inschrift / Aufschrift"},{"value":"[Museumsaufnahme, historisch?]","label":"Erwerbungsart"}]}