{"viewingHint":"paged","service":[],"structures":[{"ranges":["https://sammlung.volkskundemuseum.at/i3f/v20/293388/range/295012"],"viewingHint":"top","@id":"https://sammlung.volkskundemuseum.at/i3f/v20/293388/range/293388","@type":"sc:Range","label":"Table of Contents"},{"canvases":["https://sammlung.volkskundemuseum.at/i3f/v20/293388/canvas/296834"],"@id":"https://sammlung.volkskundemuseum.at/i3f/v20/293388/range/295012","@type":"sc:Range","label":"dig/38759: Volkskundemuseum Wien"}],"sequences":[{"canvases":[{"height":5593,"width":4184,"images":[{"resource":{"service":{"profile":"http://iiif.io/api/image/2/level2.json","@context":"http://iiif.io/api/image/2/context.json","@id":"https://sammlung.volkskundemuseum.at/i3f/v20/296834"},"format":"image/jpeg","height":1336,"width":1000,"@id":"https://sammlung.volkskundemuseum.at/download/webcache/1000/296834","@type":"dctypes:Image"},"on":"https://sammlung.volkskundemuseum.at/i3f/v20/293388/canvas/296834","motivation":"sc:painting","@id":"https://sammlung.volkskundemuseum.at/i3f/v20/293388/annotation/296834","@type":"oa:Annotation"}],"label":"[1]","@id":"https://sammlung.volkskundemuseum.at/i3f/v20/293388/canvas/296834","@type":"sc:Canvas"}],"viewingHint":"paged","startCanvas":"https://sammlung.volkskundemuseum.at/i3f/v20/293388/canvas/296834","viewingDirection":"left-to-right","label":"Current Page Order","@context":"http://iiif.io/api/presentation/2/context.json","@id":"https://sammlung.volkskundemuseum.at/i3f/v20/293388/sequence/normal","@type":"sc:Sequence"}],"label":"neg/372: Negativ: Salzfass aus Tirol","thumbnail":{"width":304,"height":406,"@id":"https://sammlung.volkskundemuseum.at/i3f/v21/296834/full/304/0/default.jpg","@type":"dctypes:Image","format":"image/jpeg"},"logo":{"@id":"https://sammlung.volkskundemuseum.at/domainresource/static/graphics/connectors/viewerLogo.gif","service":{"profile":"http://iiif.io/api/image/2/level2.json","@context":"http://iiif.io/api/image/2/context.json","@id":""}},"@context":"http://iiif.io/api/presentation/2/context.json","seeAlso":{"format":"application/xml","@id":"https://sammlung.volkskundemuseum.at/oai?verb=GetRecord&metadataPrefix=mets&identifier=293388","label":"METS"},"@id":"https://sammlung.volkskundemuseum.at/i3f/v20/293388/manifest","@type":"sc:Manifest","metadata":[{"value":"Abgebildet ist ein aus Tirol stammendes Salzfass, das mit Schnitzereien verziert ist. An der Vorderseite sind sowohl ein Name, der m\u00f6glicherweise der Name des Eigent\u00fcmers sein k\u00f6nnte, als auch die Initialen Christi eingeschnitzt. Das abgebildete Objekt befindet sich vermutlich in der Sammlung des Volkskundemuseum Wien.","label":"Beschreibung"},{"value":"[Mitarbeiter:in des Museums?]","label":"Fotograf:in"},{"value":"[Wien 8., Laudongasse 15-19?] (Aufnahmeort)  ; vor 1940 (Aufnahmedatum)","label":"Entstehung"},{"value":"Zellulosenitrat, Fotografie","label":"Material"},{"value":"Negativverfahren schwarz-wei\u00df auf Zellulosenitrat","label":"Technik"},{"value":"Hochformat","label":"Format"},{"value":"H: 11 cm B: 8 cm","label":"Abmessungen"},{"value":"Objekt","label":"Objekttyp"},{"value":"Negativ, schwarz-wei\u00df","label":"Objektart"},{"value":"neg/372","label":"Inventarnummer"},{"value":"Negativ: Jakob Kolp IHS // 8 // 372\rPergaminh\u00fclle: [nicht vorhanden]\r\rUmschlag: 372 // Salzfass Tirol","label":"Inschrift / Aufschrift"},{"value":"[Museumsaufnahme, historisch?]","label":"Erwerbungsart"}]}