{"viewingHint":"paged","service":[],"structures":[{"ranges":["https://sammlung.volkskundemuseum.at/i3f/v20/293146/range/294746"],"viewingHint":"top","@id":"https://sammlung.volkskundemuseum.at/i3f/v20/293146/range/293146","@type":"sc:Range","label":"Table of Contents"},{"canvases":["https://sammlung.volkskundemuseum.at/i3f/v20/293146/canvas/296592"],"@id":"https://sammlung.volkskundemuseum.at/i3f/v20/293146/range/294746","@type":"sc:Range","label":"dig/38517: Volkskundemuseum Wien"}],"sequences":[{"canvases":[{"height":3161,"width":6437,"images":[{"resource":{"service":{"profile":"http://iiif.io/api/image/2/level2.json","@context":"http://iiif.io/api/image/2/context.json","@id":"https://sammlung.volkskundemuseum.at/i3f/v20/296592"},"format":"image/jpeg","height":491,"width":1000,"@id":"https://sammlung.volkskundemuseum.at/download/webcache/1000/296592","@type":"dctypes:Image"},"on":"https://sammlung.volkskundemuseum.at/i3f/v20/293146/canvas/296592","motivation":"sc:painting","@id":"https://sammlung.volkskundemuseum.at/i3f/v20/293146/annotation/296592","@type":"oa:Annotation"}],"label":"[1]","@id":"https://sammlung.volkskundemuseum.at/i3f/v20/293146/canvas/296592","@type":"sc:Canvas"}],"viewingHint":"paged","startCanvas":"https://sammlung.volkskundemuseum.at/i3f/v20/293146/canvas/296592","viewingDirection":"left-to-right","label":"Current Page Order","@context":"http://iiif.io/api/presentation/2/context.json","@id":"https://sammlung.volkskundemuseum.at/i3f/v20/293146/sequence/normal","@type":"sc:Sequence"}],"label":"neg/148: Negativ: H\u00e4usergruppe mit Personen, Stavelic, Dalmatien","thumbnail":{"width":304,"height":149,"@id":"https://sammlung.volkskundemuseum.at/i3f/v21/296592/full/304/0/default.jpg","@type":"dctypes:Image","format":"image/jpeg"},"logo":{"@id":"https://sammlung.volkskundemuseum.at/domainresource/static/graphics/connectors/viewerLogo.gif","service":{"profile":"http://iiif.io/api/image/2/level2.json","@context":"http://iiif.io/api/image/2/context.json","@id":""}},"@context":"http://iiif.io/api/presentation/2/context.json","seeAlso":{"format":"application/xml","@id":"https://sammlung.volkskundemuseum.at/oai?verb=GetRecord&metadataPrefix=mets&identifier=293146","label":"METS"},"@id":"https://sammlung.volkskundemuseum.at/i3f/v20/293146/manifest","@type":"sc:Manifest","metadata":[{"value":"Zwei verschiedene Ansichten, links Frauen beim W\u00e4scheaufh\u00e4ngen vor einem Haus, rechts ein Mann im Hemd, Jackett und mit Sonnenbrille sowie ein Kind im Schatten von Geb\u00e4uden. Im Hintergrund ein Ladenschild \"Krajacka M. Ivanac\" [Schneider M. Ivanac].","label":"Beschreibung"},{"value":"Mucnjak, Robert","label":"Fotograf:in"},{"value":"Dalmatien (Aufnahmeort)   ; vor 1940 (Aufnahmedatum)","label":"Entstehung"},{"value":"Glas, Fotografie","label":"Material"},{"value":"Negativverfahren schwarz-wei\u00df auf Glas","label":"Technik"},{"value":"Querformat","label":"Format"},{"value":"H: 5,8 cm B: 12,9 cm","label":"Abmessungen"},{"value":"Objekt","label":"Objekttyp"},{"value":"Glasnegativ, schwarz-wei\u00df","label":"Objektart"},{"value":"neg/148","label":"Inventarnummer"},{"value":"Negativ: 148\rOriginalh\u00fclle: H\u00e4usergruppe 1 St. in Stavelic. Dalmatien. [....] Mucnjak.\rUmschlag: H\u00e4usergruppe Stavelic. Dalmatien. Mucnjak. // 148","label":"Inschrift / Aufschrift"},{"value":"[Schenkung?]","label":"Erwerbungsart"}]}