{"viewingHint":"paged","service":[],"structures":[{"ranges":["https://sammlung.volkskundemuseum.at/i3f/v20/293017/range/294597"],"viewingHint":"top","@id":"https://sammlung.volkskundemuseum.at/i3f/v20/293017/range/293017","@type":"sc:Range","label":"Table of Contents"},{"canvases":["https://sammlung.volkskundemuseum.at/i3f/v20/293017/canvas/296464"],"@id":"https://sammlung.volkskundemuseum.at/i3f/v20/293017/range/294597","@type":"sc:Range","label":"dig/38389: Volkskundemuseum Wien"}],"sequences":[{"canvases":[{"height":4624,"width":6061,"images":[{"resource":{"service":{"profile":"http://iiif.io/api/image/2/level2.json","@context":"http://iiif.io/api/image/2/context.json","@id":"https://sammlung.volkskundemuseum.at/i3f/v20/296464"},"format":"image/jpeg","height":762,"width":1000,"@id":"https://sammlung.volkskundemuseum.at/download/webcache/1000/296464","@type":"dctypes:Image"},"on":"https://sammlung.volkskundemuseum.at/i3f/v20/293017/canvas/296464","motivation":"sc:painting","@id":"https://sammlung.volkskundemuseum.at/i3f/v20/293017/annotation/296464","@type":"oa:Annotation"}],"label":"[1]","@id":"https://sammlung.volkskundemuseum.at/i3f/v20/293017/canvas/296464","@type":"sc:Canvas"}],"viewingHint":"paged","startCanvas":"https://sammlung.volkskundemuseum.at/i3f/v20/293017/canvas/296464","viewingDirection":"left-to-right","label":"Current Page Order","@context":"http://iiif.io/api/presentation/2/context.json","@id":"https://sammlung.volkskundemuseum.at/i3f/v20/293017/sequence/normal","@type":"sc:Sequence"}],"label":"neg/26: Negativ: Alm bei Seewiesen, Steiermark","thumbnail":{"width":304,"height":231,"@id":"https://sammlung.volkskundemuseum.at/i3f/v21/296464/full/304/0/default.jpg","@type":"dctypes:Image","format":"image/jpeg"},"logo":{"@id":"https://sammlung.volkskundemuseum.at/domainresource/static/graphics/connectors/viewerLogo.gif","service":{"profile":"http://iiif.io/api/image/2/level2.json","@context":"http://iiif.io/api/image/2/context.json","@id":""}},"@context":"http://iiif.io/api/presentation/2/context.json","seeAlso":{"format":"application/xml","@id":"https://sammlung.volkskundemuseum.at/oai?verb=GetRecord&metadataPrefix=mets&identifier=293017","label":"METS"},"@id":"https://sammlung.volkskundemuseum.at/i3f/v20/293017/manifest","@type":"sc:Manifest","metadata":[{"value":"Blick auf eine Holzh\u00fctte zwischen mehreren B\u00e4umen. In der T\u00fcr der H\u00fctte steht eine Frau, vor ihr sind die K\u00f6pfe von zwei Kindern zu erkennen.","label":"Beschreibung"},{"value":"Haberlandt, Arthur","label":"Fotograf:in"},{"value":"Seewiesen (bei Mariazell) (Aufnahmeort)  ; 1929 (Aufnahmedatum, datiert)","label":"Entstehung"},{"value":"Glas, Fotografie","label":"Material"},{"value":"Negativverfahren schwarz-wei\u00df auf Glas","label":"Technik"},{"value":"Querformat","label":"Format"},{"value":"H: 9 cm B: 12 cm","label":"Abmessungen"},{"value":"Objekt","label":"Objekttyp"},{"value":"Glasnegativ, schwarz-wei\u00df","label":"Objektart"},{"value":"neg/26","label":"Inventarnummer"},{"value":"AGFA I /// \rOchsenh\u00fctte b. Seewiesen. A. Dr. A. Haberlandt /// \rOchsenh\u00fctte mit [?]dach, Seewiesen. / 1929 Dr. A. Haberlandt / Ver\u00f6ffentlichung vorbehalten /// \r26 / Ochsenh\u00fctte bei Seewiesen. Auf. Dr. A. Haberlandt. 1929","label":"Inschrift / Aufschrift"},{"value":"[Schenkung?]","label":"Erwerbungsart"}]}