{"viewingHint":"paged","service":[],"structures":[{"ranges":["https://sammlung.volkskundemuseum.at/i3f/v20/292995/range/294571"],"viewingHint":"top","@id":"https://sammlung.volkskundemuseum.at/i3f/v20/292995/range/292995","@type":"sc:Range","label":"Table of Contents"},{"canvases":["https://sammlung.volkskundemuseum.at/i3f/v20/292995/canvas/296442"],"@id":"https://sammlung.volkskundemuseum.at/i3f/v20/292995/range/294571","@type":"sc:Range","label":"dig/38367: Volkskundemuseum Wien"}],"sequences":[{"canvases":[{"height":5903,"width":8041,"images":[{"resource":{"service":{"profile":"http://iiif.io/api/image/2/level2.json","@context":"http://iiif.io/api/image/2/context.json","@id":"https://sammlung.volkskundemuseum.at/i3f/v20/296442"},"format":"image/jpeg","height":734,"width":1000,"@id":"https://sammlung.volkskundemuseum.at/download/webcache/1000/296442","@type":"dctypes:Image"},"on":"https://sammlung.volkskundemuseum.at/i3f/v20/292995/canvas/296442","motivation":"sc:painting","@id":"https://sammlung.volkskundemuseum.at/i3f/v20/292995/annotation/296442","@type":"oa:Annotation"}],"label":"[1]","@id":"https://sammlung.volkskundemuseum.at/i3f/v20/292995/canvas/296442","@type":"sc:Canvas"}],"viewingHint":"paged","startCanvas":"https://sammlung.volkskundemuseum.at/i3f/v20/292995/canvas/296442","viewingDirection":"left-to-right","label":"Current Page Order","@context":"http://iiif.io/api/presentation/2/context.json","@id":"https://sammlung.volkskundemuseum.at/i3f/v20/292995/sequence/normal","@type":"sc:Sequence"}],"label":"neg/6: Negativ: Ausdinghaus, Kulmriegel, Nieder\u00f6sterreich","thumbnail":{"width":304,"height":223,"@id":"https://sammlung.volkskundemuseum.at/i3f/v21/296442/full/304/0/default.jpg","@type":"dctypes:Image","format":"image/jpeg"},"logo":{"@id":"https://sammlung.volkskundemuseum.at/domainresource/static/graphics/connectors/viewerLogo.gif","service":{"profile":"http://iiif.io/api/image/2/level2.json","@context":"http://iiif.io/api/image/2/context.json","@id":""}},"@context":"http://iiif.io/api/presentation/2/context.json","seeAlso":{"format":"application/xml","@id":"https://sammlung.volkskundemuseum.at/oai?verb=GetRecord&metadataPrefix=mets&identifier=292995","label":"METS"},"@id":"https://sammlung.volkskundemuseum.at/i3f/v20/292995/manifest","@type":"sc:Manifest","metadata":[{"value":"Aufnahme eines Holzhauses. Die B\u00e4ume haben kein Laub - vermutlich Herbst/Winter.","label":"Beschreibung"},{"value":"K\u00f6nig, Josef","label":"Fotograf:in"},{"value":"Kulmriegel (Aufnahmeort)  ; 1926 (Aufnahmedatum, datiert)","label":"Entstehung"},{"value":"Glas, Fotografie","label":"Material"},{"value":"Negativverfahren schwarz-wei\u00df auf Glas","label":"Technik"},{"value":"Querformat","label":"Format"},{"value":"H: 11,9 cm B: 16,4 cm","label":"Abmessungen"},{"value":"Objekt","label":"Objekttyp"},{"value":"Glasnegativ, schwarz-wei\u00df","label":"Objektart"},{"value":"neg/6","label":"Inventarnummer"},{"value":"Hausforschung","label":"Assoziation"},{"value":"[neg/8] - Negativ: Bauernhof in Kulmriegel, Nieder\u00f6sterreich","label":"\u00c4hnliche Objekte"},{"value":"6. / Ausnehmerst\u00fcberl vom Zierhofe Kulmriegel, N. Oe. 1926 / Aufn. J. K\u00f6nig","label":"Inschrift / Aufschrift"},{"value":"[Schenkung?]","label":"Erwerbungsart"}]}