{"viewingHint":"paged","service":[],"structures":[{"ranges":["https://sammlung.volkskundemuseum.at/i3f/v20/289756/range/286976"],"viewingHint":"top","@id":"https://sammlung.volkskundemuseum.at/i3f/v20/289756/range/286942","@type":"sc:Range","label":"Table of Contents"},{"canvases":["https://sammlung.volkskundemuseum.at/i3f/v20/289756/canvas/292457","https://sammlung.volkskundemuseum.at/i3f/v20/289756/canvas/292458"],"ranges":["https://sammlung.volkskundemuseum.at/i3f/v20/289756/range/289755","https://sammlung.volkskundemuseum.at/i3f/v20/289756/range/289756"],"@id":"https://sammlung.volkskundemuseum.at/i3f/v20/289756/range/286976","@type":"sc:Range","label":"pos/66734/034: Ansichtskarte: Gem\u00e4lde, junge Frau in Tracht"},{"canvases":["https://sammlung.volkskundemuseum.at/i3f/v20/289756/canvas/292457"],"@id":"https://sammlung.volkskundemuseum.at/i3f/v20/289756/range/289755","@type":"sc:Range","label":"dig/32541: Ansichtskarte: Gem\u00e4lde: junge Frau in Tracht, Vorderseite"},{"canvases":["https://sammlung.volkskundemuseum.at/i3f/v20/289756/canvas/292458"],"@id":"https://sammlung.volkskundemuseum.at/i3f/v20/289756/range/289756","@type":"sc:Range","label":"dig/32542: Ansichtskarte: Gem\u00e4lde: junge Frau in Tracht, R\u00fcckseite"}],"sequences":[{"canvases":[{"height":6056,"width":4314,"images":[{"resource":{"service":{"profile":"http://iiif.io/api/image/2/level2.json","@context":"http://iiif.io/api/image/2/context.json","@id":"https://sammlung.volkskundemuseum.at/i3f/v20/292457"},"format":"image/jpeg","height":1403,"width":1000,"@id":"https://sammlung.volkskundemuseum.at/download/webcache/1000/292457","@type":"dctypes:Image"},"on":"https://sammlung.volkskundemuseum.at/i3f/v20/289756/canvas/292457","motivation":"sc:painting","@id":"https://sammlung.volkskundemuseum.at/i3f/v20/289756/annotation/292457","@type":"oa:Annotation"}],"label":"[1]","@id":"https://sammlung.volkskundemuseum.at/i3f/v20/289756/canvas/292457","@type":"sc:Canvas"},{"height":3025,"width":2164,"images":[{"resource":{"service":{"profile":"http://iiif.io/api/image/2/level2.json","@context":"http://iiif.io/api/image/2/context.json","@id":"https://sammlung.volkskundemuseum.at/i3f/v20/292458"},"format":"image/jpeg","height":1397,"width":1000,"@id":"https://sammlung.volkskundemuseum.at/download/webcache/1000/292458","@type":"dctypes:Image"},"on":"https://sammlung.volkskundemuseum.at/i3f/v20/289756/canvas/292458","motivation":"sc:painting","@id":"https://sammlung.volkskundemuseum.at/i3f/v20/289756/annotation/292458","@type":"oa:Annotation"}],"label":"[2]","@id":"https://sammlung.volkskundemuseum.at/i3f/v20/289756/canvas/292458","@type":"sc:Canvas"}],"viewingHint":"paged","startCanvas":"https://sammlung.volkskundemuseum.at/i3f/v20/289756/canvas/292457","viewingDirection":"left-to-right","label":"Current Page Order","@context":"http://iiif.io/api/presentation/2/context.json","@id":"https://sammlung.volkskundemuseum.at/i3f/v20/289756/sequence/normal","@type":"sc:Sequence"}],"label":"pos/66734/000: Sammelmappe: Fotografien und Ansichtskarten aus Galizien: pos/66734/034: Ansichtskarte: Gem\u00e4lde, junge Frau in Tracht, dig/32542: Ansichtskarte: Gem\u00e4lde: junge Frau in Tracht, R\u00fcckseite","thumbnail":{"width":304,"height":424,"@id":"https://sammlung.volkskundemuseum.at/i3f/v21/292458/full/304/0/default.jpg","@type":"dctypes:Image","format":"image/jpeg"},"logo":{"@id":"https://sammlung.volkskundemuseum.at/domainresource/static/graphics/connectors/viewerLogo.gif","service":{"profile":"http://iiif.io/api/image/2/level2.json","@context":"http://iiif.io/api/image/2/context.json","@id":""}},"@context":"http://iiif.io/api/presentation/2/context.json","seeAlso":{"format":"application/xml","@id":"https://sammlung.volkskundemuseum.at/oai?verb=GetRecord&metadataPrefix=mets&identifier=289756","label":"METS"},"@id":"https://sammlung.volkskundemuseum.at/i3f/v20/289756/manifest","@type":"sc:Manifest","metadata":[{"value":"Sammelmappe: Fotografien und Ansichtskarten aus Galizien : Ruthenen (Originaltitel)","label":"Gesamttitel"},{"value":"Mitarbeiter:in des Museums","label":"Hersteller:in"},{"value":"Wien 8. (Herstellungsort)   ; 05.2024 (Herstellungszeit)","label":"Entstehung"},{"value":"TIF","label":"Technik"},{"value":"Hochformat","label":"Format"},{"value":"Scan von Vorlage, Farbe","label":"Objektart"},{"value":"dig/32542","label":"Inventarnummer"},{"value":"Museumsaufnahme, selbst erstellt","label":"Erwerbungsart"}]}