{"viewingHint":"paged","service":[],"structures":[{"ranges":["https://sammlung.volkskundemuseum.at/i3f/v20/287010/range/287010"],"viewingHint":"top","@id":"https://sammlung.volkskundemuseum.at/i3f/v20/287010/range/286942","@type":"sc:Range","label":"Table of Contents"},{"canvases":["https://sammlung.volkskundemuseum.at/i3f/v20/287010/canvas/292522","https://sammlung.volkskundemuseum.at/i3f/v20/287010/canvas/292523"],"ranges":["https://sammlung.volkskundemuseum.at/i3f/v20/287010/range/289822","https://sammlung.volkskundemuseum.at/i3f/v20/287010/range/289823"],"@id":"https://sammlung.volkskundemuseum.at/i3f/v20/287010/range/287010","@type":"sc:Range","label":"pos/66734/068: Zeitungsausschnitt: Zeichnung: zwei Frauen in Tracht mit einer Kanne"},{"canvases":["https://sammlung.volkskundemuseum.at/i3f/v20/287010/canvas/292522"],"@id":"https://sammlung.volkskundemuseum.at/i3f/v20/287010/range/289822","@type":"sc:Range","label":"dig/32607: Zeitungsausschnitt: Zeichnung: zwei Frauen in Tracht mit einer Kanne, Vorderseite"},{"canvases":["https://sammlung.volkskundemuseum.at/i3f/v20/287010/canvas/292523"],"@id":"https://sammlung.volkskundemuseum.at/i3f/v20/287010/range/289823","@type":"sc:Range","label":"dig/32608: Zeitungsausschnitt: Zeichnung: zwei Frauen in Tracht mit einer Kanne, R\u00fcckseite"}],"sequences":[{"canvases":[{"height":1034,"width":1220,"images":[{"resource":{"service":{"profile":"http://iiif.io/api/image/2/level2.json","@context":"http://iiif.io/api/image/2/context.json","@id":"https://sammlung.volkskundemuseum.at/i3f/v20/292522"},"format":"image/jpeg","height":847,"width":1000,"@id":"https://sammlung.volkskundemuseum.at/download/webcache/1000/292522","@type":"dctypes:Image"},"on":"https://sammlung.volkskundemuseum.at/i3f/v20/287010/canvas/292522","motivation":"sc:painting","@id":"https://sammlung.volkskundemuseum.at/i3f/v20/287010/annotation/292522","@type":"oa:Annotation"}],"label":"[1]","@id":"https://sammlung.volkskundemuseum.at/i3f/v20/287010/canvas/292522","@type":"sc:Canvas"},{"height":518,"width":610,"images":[{"resource":{"service":{"profile":"http://iiif.io/api/image/2/level2.json","@context":"http://iiif.io/api/image/2/context.json","@id":"https://sammlung.volkskundemuseum.at/i3f/v20/292523"},"format":"image/jpeg","height":849,"width":1000,"@id":"https://sammlung.volkskundemuseum.at/download/webcache/1000/292523","@type":"dctypes:Image"},"on":"https://sammlung.volkskundemuseum.at/i3f/v20/287010/canvas/292523","motivation":"sc:painting","@id":"https://sammlung.volkskundemuseum.at/i3f/v20/287010/annotation/292523","@type":"oa:Annotation"}],"label":"[2]","@id":"https://sammlung.volkskundemuseum.at/i3f/v20/287010/canvas/292523","@type":"sc:Canvas"}],"viewingHint":"paged","startCanvas":"https://sammlung.volkskundemuseum.at/i3f/v20/287010/canvas/292522","viewingDirection":"left-to-right","label":"Current Page Order","@context":"http://iiif.io/api/presentation/2/context.json","@id":"https://sammlung.volkskundemuseum.at/i3f/v20/287010/sequence/normal","@type":"sc:Sequence"}],"label":"pos/66734/000: Sammelmappe: Fotografien und Ansichtskarten aus Galizien: pos/66734/068: Zeitungsausschnitt: Zeichnung: zwei Frauen in Tracht mit einer Kanne","thumbnail":{"width":304,"height":257,"@id":"https://sammlung.volkskundemuseum.at/i3f/v21/292522/full/304/0/default.jpg","@type":"dctypes:Image","format":"image/jpeg"},"logo":{"@id":"https://sammlung.volkskundemuseum.at/domainresource/static/graphics/connectors/viewerLogo.gif","service":{"profile":"http://iiif.io/api/image/2/level2.json","@context":"http://iiif.io/api/image/2/context.json","@id":""}},"@context":"http://iiif.io/api/presentation/2/context.json","seeAlso":{"format":"application/xml","@id":"https://sammlung.volkskundemuseum.at/oai?verb=GetRecord&metadataPrefix=mets&identifier=287010","label":"METS"},"@id":"https://sammlung.volkskundemuseum.at/i3f/v20/287010/manifest","@type":"sc:Manifest","metadata":[{"value":"Sammelmappe: Fotografien und Ansichtskarten aus Galizien : Ruthenen (Originaltitel)","label":"Gesamttitel"},{"value":"Zeitungsausschnitt: Zeichnung: Zwei Frauen vor einer Hausmauer. Eine tr\u00e4gt einen Stock \u00fcber den Schultern an dessen Ende eine Kanne, evtl. eine Milchkanne h\u00e4ngt.","label":"Beschreibung"},{"value":"unbekannt","label":"Fotograf:in"},{"value":"unbekannt","label":"Verlag"},{"value":"unbekannt (Herstellungsort)","label":"Entstehung"},{"value":"[pos/66734/000] - Sammelmappe: Fotografien und Ansichtskarten aus Galizien","label":"Teil von"},{"value":"Papier","label":"Material"},{"value":"Lichtdruck","label":"Technik"},{"value":"quadratisch","label":"Format"},{"value":"Foto: H: 4 cm B: 4,5 cm","label":"Abmessungen"},{"value":"Objekt","label":"Objekttyp"},{"value":"Zeitungsausschnitt","label":"Objektart"},{"value":"pos/66734/068","label":"Inventarnummer"},{"value":"Huzulen   / Ruthenen","label":"Assoziation"},{"value":"Mappe: Ruthenen /// Zeitungsausschnitt verso: NCO_SERBEN [abgeschnittener Text]","label":"Inschrift / Aufschrift"},{"value":"Legat","label":"Erwerbungsart"}]}