{"viewingHint":"paged","service":[],"structures":[{"ranges":["https://sammlung.volkskundemuseum.at/i3f/v20/286965/range/286965"],"viewingHint":"top","@id":"https://sammlung.volkskundemuseum.at/i3f/v20/286965/range/286942","@type":"sc:Range","label":"Table of Contents"},{"canvases":["https://sammlung.volkskundemuseum.at/i3f/v20/286965/canvas/292436","https://sammlung.volkskundemuseum.at/i3f/v20/286965/canvas/292437"],"ranges":["https://sammlung.volkskundemuseum.at/i3f/v20/286965/range/289734","https://sammlung.volkskundemuseum.at/i3f/v20/286965/range/289735"],"@id":"https://sammlung.volkskundemuseum.at/i3f/v20/286965/range/286965","@type":"sc:Range","label":"pos/66734/023: Druckgrafik: Paar aus Brenna, B\u00f6hmen"},{"canvases":["https://sammlung.volkskundemuseum.at/i3f/v20/286965/canvas/292436"],"@id":"https://sammlung.volkskundemuseum.at/i3f/v20/286965/range/289734","@type":"sc:Range","label":"dig/32520: Ansichtskarte: Zeichnung: Paar in Tracht der schlesischen Goralen (Brenniacy) aus Brenna, B\u00f6hmen (heute: Brenna, Polen), Vorderseite"},{"canvases":["https://sammlung.volkskundemuseum.at/i3f/v20/286965/canvas/292437"],"@id":"https://sammlung.volkskundemuseum.at/i3f/v20/286965/range/289735","@type":"sc:Range","label":"dig/32521: Ansichtskarte: Zeichnung: Paar in Tracht der schlesischen Goralen (Brenniacy) aus Brenna, B\u00f6hmen (heute: Brenna, Polen), R\u00fcckseite"}],"sequences":[{"canvases":[{"height":6098,"width":4314,"images":[{"resource":{"service":{"profile":"http://iiif.io/api/image/2/level2.json","@context":"http://iiif.io/api/image/2/context.json","@id":"https://sammlung.volkskundemuseum.at/i3f/v20/292436"},"format":"image/jpeg","height":1413,"width":1000,"@id":"https://sammlung.volkskundemuseum.at/download/webcache/1000/292436","@type":"dctypes:Image"},"on":"https://sammlung.volkskundemuseum.at/i3f/v20/286965/canvas/292436","motivation":"sc:painting","@id":"https://sammlung.volkskundemuseum.at/i3f/v20/286965/annotation/292436","@type":"oa:Annotation"}],"label":"[1]","@id":"https://sammlung.volkskundemuseum.at/i3f/v20/286965/canvas/292436","@type":"sc:Canvas"},{"height":3052,"width":2161,"images":[{"resource":{"service":{"profile":"http://iiif.io/api/image/2/level2.json","@context":"http://iiif.io/api/image/2/context.json","@id":"https://sammlung.volkskundemuseum.at/i3f/v20/292437"},"format":"image/jpeg","height":1412,"width":1000,"@id":"https://sammlung.volkskundemuseum.at/download/webcache/1000/292437","@type":"dctypes:Image"},"on":"https://sammlung.volkskundemuseum.at/i3f/v20/286965/canvas/292437","motivation":"sc:painting","@id":"https://sammlung.volkskundemuseum.at/i3f/v20/286965/annotation/292437","@type":"oa:Annotation"}],"label":"[2]","@id":"https://sammlung.volkskundemuseum.at/i3f/v20/286965/canvas/292437","@type":"sc:Canvas"}],"viewingHint":"paged","startCanvas":"https://sammlung.volkskundemuseum.at/i3f/v20/286965/canvas/292436","viewingDirection":"left-to-right","label":"Current Page Order","@context":"http://iiif.io/api/presentation/2/context.json","@id":"https://sammlung.volkskundemuseum.at/i3f/v20/286965/sequence/normal","@type":"sc:Sequence"}],"label":"pos/66734/000: Sammelmappe: Fotografien und Ansichtskarten aus Galizien: pos/66734/023: Druckgrafik: Paar aus Brenna, B\u00f6hmen","thumbnail":{"width":304,"height":429,"@id":"https://sammlung.volkskundemuseum.at/i3f/v21/292436/full/304/0/default.jpg","@type":"dctypes:Image","format":"image/jpeg"},"logo":{"@id":"https://sammlung.volkskundemuseum.at/domainresource/static/graphics/connectors/viewerLogo.gif","service":{"profile":"http://iiif.io/api/image/2/level2.json","@context":"http://iiif.io/api/image/2/context.json","@id":""}},"@context":"http://iiif.io/api/presentation/2/context.json","seeAlso":{"format":"application/xml","@id":"https://sammlung.volkskundemuseum.at/oai?verb=GetRecord&metadataPrefix=mets&identifier=286965","label":"METS"},"@id":"https://sammlung.volkskundemuseum.at/i3f/v20/286965/manifest","@type":"sc:Manifest","metadata":[{"value":"Sammelmappe: Fotografien und Ansichtskarten aus Galizien : Ruthenen (Originaltitel)","label":"Gesamttitel"},{"value":"Druck nach einer Zeichnung aufkaschiert auf schwarzer Pappe: Paar in Tracht, laut Beschriftung soll es sich um schlesische Trachten bzw. Goralen in Brenna, Polen handeln.\rDer gleiche Druck l\u00e4sst sich als Eigentum des Muzeum \u015al\u0105ska Cieszy\u0144skiego in Polen, finden. Dort wird das Bild als Druck von Henryk Jastrzembski angegeben, der laut Wikipedia 1812 geboren wurde. Auch dort sollen es schlesische Goralen zeigen.","label":"Beschreibung"},{"value":"Jastrzembski, Henryk","label":"Beteiligt"},{"value":"unbekannt","label":"Verlag"},{"value":"[Polen?] (Aufnahmeort)   ; 1840er","label":"Entstehung"},{"value":"[pos/66734/000] - Sammelmappe: Fotografien und Ansichtskarten aus Galizien","label":"Teil von"},{"value":"Papier","label":"Material"},{"value":"Druckgrafik ; Lichtdruck","label":"Technik"},{"value":"quadratisch","label":"Format"},{"value":"Ansichtskarte: H: 9,3 cm B: 7,4 cm Archivkarton: H: 25 cm B: 17,5 cm","label":"Abmessungen"},{"value":"Objekt","label":"Objekttyp"},{"value":"Grafik","label":"Objektart"},{"value":"pos/66734/023","label":"Inventarnummer"},{"value":"Schlesien   / B\u00f6hmen   / Goralen   / Brenna","label":"Assoziation"},{"value":"Mappe: Ruthenen /// verso: Schlesische Trachten. 1840. Goralen in Brenna. 023","label":"Inschrift / Aufschrift"},{"value":"Legat","label":"Erwerbungsart"}]}