{"viewingHint":"paged","service":[],"structures":[{"ranges":["https://sammlung.volkskundemuseum.at/i3f/v20/286819/range/289446","https://sammlung.volkskundemuseum.at/i3f/v20/286819/range/289447"],"viewingHint":"top","@id":"https://sammlung.volkskundemuseum.at/i3f/v20/286819/range/286819","@type":"sc:Range","label":"Table of Contents"},{"canvases":["https://sammlung.volkskundemuseum.at/i3f/v20/286819/canvas/292149"],"@id":"https://sammlung.volkskundemuseum.at/i3f/v20/286819/range/289446","@type":"sc:Range","label":"dig/32234: Volkskundemuseum Wien"},{"canvases":["https://sammlung.volkskundemuseum.at/i3f/v20/286819/canvas/292150"],"@id":"https://sammlung.volkskundemuseum.at/i3f/v20/286819/range/289447","@type":"sc:Range","label":"dig/32235: Volkskundemuseum Wien"}],"sequences":[{"canvases":[{"height":3899,"width":2736,"images":[{"resource":{"service":{"profile":"http://iiif.io/api/image/2/level2.json","@context":"http://iiif.io/api/image/2/context.json","@id":"https://sammlung.volkskundemuseum.at/i3f/v20/292149"},"format":"image/jpeg","height":1425,"width":1000,"@id":"https://sammlung.volkskundemuseum.at/download/webcache/1000/292149","@type":"dctypes:Image"},"on":"https://sammlung.volkskundemuseum.at/i3f/v20/286819/canvas/292149","motivation":"sc:painting","@id":"https://sammlung.volkskundemuseum.at/i3f/v20/286819/annotation/292149","@type":"oa:Annotation"}],"label":"[1]","@id":"https://sammlung.volkskundemuseum.at/i3f/v20/286819/canvas/292149","@type":"sc:Canvas"},{"height":1950,"width":1371,"images":[{"resource":{"service":{"profile":"http://iiif.io/api/image/2/level2.json","@context":"http://iiif.io/api/image/2/context.json","@id":"https://sammlung.volkskundemuseum.at/i3f/v20/292150"},"format":"image/jpeg","height":1422,"width":1000,"@id":"https://sammlung.volkskundemuseum.at/download/webcache/1000/292150","@type":"dctypes:Image"},"on":"https://sammlung.volkskundemuseum.at/i3f/v20/286819/canvas/292150","motivation":"sc:painting","@id":"https://sammlung.volkskundemuseum.at/i3f/v20/286819/annotation/292150","@type":"oa:Annotation"}],"label":"[2]","@id":"https://sammlung.volkskundemuseum.at/i3f/v20/286819/canvas/292150","@type":"sc:Canvas"}],"viewingHint":"paged","startCanvas":"https://sammlung.volkskundemuseum.at/i3f/v20/286819/canvas/292149","viewingDirection":"left-to-right","label":"Current Page Order","@context":"http://iiif.io/api/presentation/2/context.json","@id":"https://sammlung.volkskundemuseum.at/i3f/v20/286819/sequence/normal","@type":"sc:Sequence"}],"label":"pos/64034: Positiv: Heuarbeit im Bezirk Horodenka, Galizien","thumbnail":{"width":304,"height":433,"@id":"https://sammlung.volkskundemuseum.at/i3f/v21/292149/full/304/0/default.jpg","@type":"dctypes:Image","format":"image/jpeg"},"logo":{"@id":"https://sammlung.volkskundemuseum.at/domainresource/static/graphics/connectors/viewerLogo.gif","service":{"profile":"http://iiif.io/api/image/2/level2.json","@context":"http://iiif.io/api/image/2/context.json","@id":""}},"@context":"http://iiif.io/api/presentation/2/context.json","seeAlso":{"format":"application/xml","@id":"https://sammlung.volkskundemuseum.at/oai?verb=GetRecord&metadataPrefix=mets&identifier=286819","label":"METS"},"@id":"https://sammlung.volkskundemuseum.at/i3f/v20/286819/manifest","@type":"sc:Manifest","metadata":[{"value":"Eine Gruppe von sechs M\u00e4nnern bei der Arbeit fotografiert, sie h\u00e4ufen Heu von der Wiese zu einem bereits ca. f\u00fcnf Meter hohen Turm an. Zwei Leitern sind von rechts und links gegen den Heuhaufen gelehnt. Auf der rechten Leiter steht ein Arbeiter und auf einer unteren Sprosse sitzt ein \u00e4lterer, nicht arbeitender, Mann. Ein Bauer steht auf dem Heuturm, in dessen Schatten ein kleines Kind sitzt. Im Hintergrund sind B\u00e4ume zu sehen.","label":"Beschreibung"},{"value":"Kaindl, Raimund Friedrich","label":"Sammler:in"},{"value":"Dutkiewicz, Julius","label":"Fotograf:in"},{"value":"Schulz, A.P.","label":"Verlag"},{"value":"Horodenka (Aufnahmeort)   ; Galizien (Aufnahmeort)   ; Kolomyja (Aufnahmeort)   ; 1880-1890 (Aufnahmedatum)","label":"Entstehung"},{"value":"Papier, Fotografie","label":"Material"},{"value":"Silbergelatineabzug","label":"Technik"},{"value":"Carte de Cabinet","label":"Format"},{"value":"Foto: H: 13,5 cm B: 9,5 cm Untersatzkarton: H: 16 cm B: 11 cm","label":"Abmessungen"},{"value":"Objekt","label":"Objekttyp"},{"value":"Positiv, schwarz-wei\u00df auf Untersatzkarton","label":"Objektart"},{"value":"pos/64034","label":"Inventarnummer"},{"value":"Skladanie siana w Kopice w Unizu [poln Heu legen in Kopice in Uniz]. /// Heu in der [?Nachtragen] aus Uniz b. Horodenka // pos/64034 // Prawo wlasnosci zastrzega sie.","label":"Inschrift / Aufschrift"},{"value":"Ankauf","label":"Erwerbungsart"}]}