{"viewingHint":"paged","service":[],"structures":[{"ranges":["https://sammlung.volkskundemuseum.at/i3f/v20/286732/range/289269","https://sammlung.volkskundemuseum.at/i3f/v20/286732/range/289270"],"viewingHint":"top","@id":"https://sammlung.volkskundemuseum.at/i3f/v20/286732/range/286732","@type":"sc:Range","label":"Table of Contents"},{"canvases":["https://sammlung.volkskundemuseum.at/i3f/v20/286732/canvas/291973"],"@id":"https://sammlung.volkskundemuseum.at/i3f/v20/286732/range/289269","@type":"sc:Range","label":"dig/32068: Volkskundemuseum Wien"},{"canvases":["https://sammlung.volkskundemuseum.at/i3f/v20/286732/canvas/291974"],"@id":"https://sammlung.volkskundemuseum.at/i3f/v20/286732/range/289270","@type":"sc:Range","label":"dig/32069: Volkskundemuseum Wien"}],"sequences":[{"canvases":[{"height":2205,"width":2905,"images":[{"resource":{"service":{"profile":"http://iiif.io/api/image/2/level2.json","@context":"http://iiif.io/api/image/2/context.json","@id":"https://sammlung.volkskundemuseum.at/i3f/v20/291973"},"format":"image/jpeg","height":759,"width":1000,"@id":"https://sammlung.volkskundemuseum.at/download/webcache/1000/291973","@type":"dctypes:Image"},"on":"https://sammlung.volkskundemuseum.at/i3f/v20/286732/canvas/291973","motivation":"sc:painting","@id":"https://sammlung.volkskundemuseum.at/i3f/v20/286732/annotation/291973","@type":"oa:Annotation"}],"label":"[1]","@id":"https://sammlung.volkskundemuseum.at/i3f/v20/286732/canvas/291973","@type":"sc:Canvas"},{"height":3568,"width":2562,"images":[{"resource":{"service":{"profile":"http://iiif.io/api/image/2/level2.json","@context":"http://iiif.io/api/image/2/context.json","@id":"https://sammlung.volkskundemuseum.at/i3f/v20/291974"},"format":"image/jpeg","height":1392,"width":1000,"@id":"https://sammlung.volkskundemuseum.at/download/webcache/1000/291974","@type":"dctypes:Image"},"on":"https://sammlung.volkskundemuseum.at/i3f/v20/286732/canvas/291974","motivation":"sc:painting","@id":"https://sammlung.volkskundemuseum.at/i3f/v20/286732/annotation/291974","@type":"oa:Annotation"}],"label":"[2]","@id":"https://sammlung.volkskundemuseum.at/i3f/v20/286732/canvas/291974","@type":"sc:Canvas"}],"viewingHint":"paged","startCanvas":"https://sammlung.volkskundemuseum.at/i3f/v20/286732/canvas/291973","viewingDirection":"left-to-right","label":"Current Page Order","@context":"http://iiif.io/api/presentation/2/context.json","@id":"https://sammlung.volkskundemuseum.at/i3f/v20/286732/sequence/normal","@type":"sc:Sequence"}],"label":"pos/15478: Positiv: M\u00e4nner in Tracht im Gespr\u00e4ch mit Mann in b\u00fcrgerlicher Kleidung, Radautz, Bukowina","thumbnail":{"width":304,"height":230,"@id":"https://sammlung.volkskundemuseum.at/i3f/v21/291973/full/304/0/default.jpg","@type":"dctypes:Image","format":"image/jpeg"},"logo":{"@id":"https://sammlung.volkskundemuseum.at/domainresource/static/graphics/connectors/viewerLogo.gif","service":{"profile":"http://iiif.io/api/image/2/level2.json","@context":"http://iiif.io/api/image/2/context.json","@id":""}},"@context":"http://iiif.io/api/presentation/2/context.json","seeAlso":{"format":"application/xml","@id":"https://sammlung.volkskundemuseum.at/oai?verb=GetRecord&metadataPrefix=mets&identifier=286732","label":"METS"},"@id":"https://sammlung.volkskundemuseum.at/i3f/v20/286732/manifest","@type":"sc:Manifest","metadata":[{"value":"Zentrales Motiv sind drei Herren, die sich unterhalten. Die beiden linksstehenden M\u00e4nner sind Roma in Alltagskleidung, der Mann rechts tr\u00e4gt Anzug, Hut und Regenschirm (der gleiche Herr wie auf Positiv pos/15473 \u2013 es k\u00f6nnte sich um Josef Szombathy handeln). An den Bildr\u00e4ndern sieht man drei Frauen in Tracht, die dem Geschehen folgen. Im Hintergrund sieht man einen Pferdewagen mit Pferd und dahinter ein Geb\u00e4ude, welches fast den gesamten Hintergrund ausf\u00fclllt.","label":"Beschreibung"},{"value":"[Szombathy, Josef?]","label":"Fotograf:in"},{"value":"R\u0103d\u0103u\u021bi (Aufnahmeort)   ; Bukowina (Aufnahmeort)   ; vor 1895 (Aufnahmedatum)","label":"Entstehung"},{"value":"Papier, Fotografie","label":"Material"},{"value":"Albuminabzug","label":"Technik"},{"value":"Querformat","label":"Format"},{"value":"Foto: H: 8,9 cm B: 11,7 cm Archivkarton A4","label":"Abmessungen"},{"value":"Objekt","label":"Objekttyp"},{"value":"Positiv, schwarz-wei\u00df auf Archivkarton","label":"Objektart"},{"value":"pos/15478","label":"Inventarnummer"},{"value":"Stereotyp","label":"Assoziation"},{"value":"[pos/15473] - Positiv: Rum\u00e4nin und Mann in b\u00fcrgerlicher Kleidung. Radautz, Bukowina","label":"\u00c4hnliche Objekte"},{"value":"J.Sz. 555 /// Zigeuner. /// Radautz, Bukowina. /// 15.478","label":"Inschrift / Aufschrift"},{"value":"Schenkung","label":"Erwerbungsart"}]}