{"viewingHint":"paged","service":[],"structures":[{"ranges":["https://sammlung.volkskundemuseum.at/i3f/v20/286727/range/289259","https://sammlung.volkskundemuseum.at/i3f/v20/286727/range/289260"],"viewingHint":"top","@id":"https://sammlung.volkskundemuseum.at/i3f/v20/286727/range/286727","@type":"sc:Range","label":"Table of Contents"},{"canvases":["https://sammlung.volkskundemuseum.at/i3f/v20/286727/canvas/291963"],"@id":"https://sammlung.volkskundemuseum.at/i3f/v20/286727/range/289259","@type":"sc:Range","label":"dig/32058: Volkskundemuseum Wien"},{"canvases":["https://sammlung.volkskundemuseum.at/i3f/v20/286727/canvas/291964"],"@id":"https://sammlung.volkskundemuseum.at/i3f/v20/286727/range/289260","@type":"sc:Range","label":"dig/32059: Volkskundemuseum Wien"}],"sequences":[{"canvases":[{"height":2221,"width":2866,"images":[{"resource":{"service":{"profile":"http://iiif.io/api/image/2/level2.json","@context":"http://iiif.io/api/image/2/context.json","@id":"https://sammlung.volkskundemuseum.at/i3f/v20/291963"},"format":"image/jpeg","height":774,"width":1000,"@id":"https://sammlung.volkskundemuseum.at/download/webcache/1000/291963","@type":"dctypes:Image"},"on":"https://sammlung.volkskundemuseum.at/i3f/v20/286727/canvas/291963","motivation":"sc:painting","@id":"https://sammlung.volkskundemuseum.at/i3f/v20/286727/annotation/291963","@type":"oa:Annotation"}],"label":"[1]","@id":"https://sammlung.volkskundemuseum.at/i3f/v20/286727/canvas/291963","@type":"sc:Canvas"},{"height":3540,"width":2563,"images":[{"resource":{"service":{"profile":"http://iiif.io/api/image/2/level2.json","@context":"http://iiif.io/api/image/2/context.json","@id":"https://sammlung.volkskundemuseum.at/i3f/v20/291964"},"format":"image/jpeg","height":1381,"width":1000,"@id":"https://sammlung.volkskundemuseum.at/download/webcache/1000/291964","@type":"dctypes:Image"},"on":"https://sammlung.volkskundemuseum.at/i3f/v20/286727/canvas/291964","motivation":"sc:painting","@id":"https://sammlung.volkskundemuseum.at/i3f/v20/286727/annotation/291964","@type":"oa:Annotation"}],"label":"[2]","@id":"https://sammlung.volkskundemuseum.at/i3f/v20/286727/canvas/291964","@type":"sc:Canvas"}],"viewingHint":"paged","startCanvas":"https://sammlung.volkskundemuseum.at/i3f/v20/286727/canvas/291963","viewingDirection":"left-to-right","label":"Current Page Order","@context":"http://iiif.io/api/presentation/2/context.json","@id":"https://sammlung.volkskundemuseum.at/i3f/v20/286727/sequence/normal","@type":"sc:Sequence"}],"label":"pos/15473: Positiv: Rum\u00e4nin und Mann in b\u00fcrgerlicher Kleidung. Radautz, Bukowina","thumbnail":{"width":304,"height":235,"@id":"https://sammlung.volkskundemuseum.at/i3f/v21/291963/full/304/0/default.jpg","@type":"dctypes:Image","format":"image/jpeg"},"logo":{"@id":"https://sammlung.volkskundemuseum.at/domainresource/static/graphics/connectors/viewerLogo.gif","service":{"profile":"http://iiif.io/api/image/2/level2.json","@context":"http://iiif.io/api/image/2/context.json","@id":""}},"@context":"http://iiif.io/api/presentation/2/context.json","seeAlso":{"format":"application/xml","@id":"https://sammlung.volkskundemuseum.at/oai?verb=GetRecord&metadataPrefix=mets&identifier=286727","label":"METS"},"@id":"https://sammlung.volkskundemuseum.at/i3f/v20/286727/manifest","@type":"sc:Manifest","metadata":[{"value":"Im Vordergrund stehen eine Frau und ein Mann (es k\u00f6nnte sich um Josef Szombathy handeln). Die Frau tr\u00e4gt Alltagskleidung. Sie scheint einem Mann ein Fell zu verkaufen oder zu \u00fcbergeben. Der Mann ist in Anzug mit Hut und Regenschirm gekleidet. Im Mittelgrund sind ein Baum und Marktst\u00e4nde zu sehen, an welchen Frauen in \u00e4hnlicher Alltagskleidung besch\u00e4ftigt sind. Am linken Bildrand ist der Vorderteil eines Pferdes in Arbeitsgeschirr zu sehen. Im Hintergrund sieht man eine H\u00e4userreihe.","label":"Beschreibung"},{"value":"[Szombathy, Josef?]","label":"Fotograf:in"},{"value":"R\u0103d\u0103u\u021bi (Aufnahmeort)   ; Bukowina (Aufnahmeort)   ; 1890er (Aufnahmedatum)","label":"Entstehung"},{"value":"Papier, Fotografie","label":"Material"},{"value":"Albuminabzug","label":"Technik"},{"value":"Querformat","label":"Format"},{"value":"Foto: H: 8,7 cm B: 11,6 cm Archivkarton A4","label":"Abmessungen"},{"value":"Objekt","label":"Objekttyp"},{"value":"Positiv, schwarz-wei\u00df auf Archivkarton","label":"Objektart"},{"value":"pos/15473","label":"Inventarnummer"},{"value":"Nationalit\u00e4t  / Stereotyp","label":"Assoziation"},{"value":"[pos/39] - Positiv: Markt bei Radautz, Bukowina[pos/15478] - Positiv: M\u00e4nner in Tracht im Gespr\u00e4ch mit Mann in b\u00fcrgerlicher Kleidung, Radautz, Bukowina","label":"\u00c4hnliche Objekte"},{"value":"J. Sz. 540 /// Dupl. 39 /// Rum\u00e4nin. /// Radautz, Bukowina. /// 15.473","label":"Inschrift / Aufschrift"},{"value":"Schenkung","label":"Erwerbungsart"}]}