{"viewingHint":"paged","service":[],"structures":[{"ranges":["https://sammlung.volkskundemuseum.at/i3f/v20/286647/range/289098","https://sammlung.volkskundemuseum.at/i3f/v20/286647/range/289099"],"viewingHint":"top","@id":"https://sammlung.volkskundemuseum.at/i3f/v20/286647/range/286647","@type":"sc:Range","label":"Table of Contents"},{"canvases":["https://sammlung.volkskundemuseum.at/i3f/v20/286647/canvas/291803"],"@id":"https://sammlung.volkskundemuseum.at/i3f/v20/286647/range/289098","@type":"sc:Range","label":"dig/31898: Volkskundemuseum Wien"},{"canvases":["https://sammlung.volkskundemuseum.at/i3f/v20/286647/canvas/291804"],"@id":"https://sammlung.volkskundemuseum.at/i3f/v20/286647/range/289099","@type":"sc:Range","label":"dig/31899: Volkskundemuseum Wien"}],"sequences":[{"canvases":[{"height":2271,"width":1449,"images":[{"resource":{"service":{"profile":"http://iiif.io/api/image/2/level2.json","@context":"http://iiif.io/api/image/2/context.json","@id":"https://sammlung.volkskundemuseum.at/i3f/v20/291803"},"format":"image/jpeg","height":1567,"width":1000,"@id":"https://sammlung.volkskundemuseum.at/download/webcache/1000/291803","@type":"dctypes:Image"},"on":"https://sammlung.volkskundemuseum.at/i3f/v20/286647/canvas/291803","motivation":"sc:painting","@id":"https://sammlung.volkskundemuseum.at/i3f/v20/286647/annotation/291803","@type":"oa:Annotation"}],"label":"[1]","@id":"https://sammlung.volkskundemuseum.at/i3f/v20/286647/canvas/291803","@type":"sc:Canvas"},{"height":3526,"width":2519,"images":[{"resource":{"service":{"profile":"http://iiif.io/api/image/2/level2.json","@context":"http://iiif.io/api/image/2/context.json","@id":"https://sammlung.volkskundemuseum.at/i3f/v20/291804"},"format":"image/jpeg","height":1399,"width":1000,"@id":"https://sammlung.volkskundemuseum.at/download/webcache/1000/291804","@type":"dctypes:Image"},"on":"https://sammlung.volkskundemuseum.at/i3f/v20/286647/canvas/291804","motivation":"sc:painting","@id":"https://sammlung.volkskundemuseum.at/i3f/v20/286647/annotation/291804","@type":"oa:Annotation"}],"label":"[2]","@id":"https://sammlung.volkskundemuseum.at/i3f/v20/286647/canvas/291804","@type":"sc:Canvas"}],"viewingHint":"paged","startCanvas":"https://sammlung.volkskundemuseum.at/i3f/v20/286647/canvas/291803","viewingDirection":"left-to-right","label":"Current Page Order","@context":"http://iiif.io/api/presentation/2/context.json","@id":"https://sammlung.volkskundemuseum.at/i3f/v20/286647/sequence/normal","@type":"sc:Sequence"}],"label":"pos/14845: Positiv: \"Gorale\", Mann aus Neumarkt, Galizien","thumbnail":{"width":304,"height":476,"@id":"https://sammlung.volkskundemuseum.at/i3f/v21/291803/full/304/0/default.jpg","@type":"dctypes:Image","format":"image/jpeg"},"logo":{"@id":"https://sammlung.volkskundemuseum.at/domainresource/static/graphics/connectors/viewerLogo.gif","service":{"profile":"http://iiif.io/api/image/2/level2.json","@context":"http://iiif.io/api/image/2/context.json","@id":""}},"@context":"http://iiif.io/api/presentation/2/context.json","seeAlso":{"format":"application/xml","@id":"https://sammlung.volkskundemuseum.at/oai?verb=GetRecord&metadataPrefix=mets&identifier=286647","label":"METS"},"@id":"https://sammlung.volkskundemuseum.at/i3f/v20/286647/manifest","@type":"sc:Manifest","metadata":[{"value":"Positiv, koloriert, Studioaufnahme, Ganzk\u00f6rperaufnahme. \rEin Mann steht vor einer gemalten Landschaft, sitzt halb auf einem Holzzaun, den linken Fu\u00df auf einem Holzscheit abgest\u00fctzt. Er blickt direkt in die Kamera. Die Beine in einer Wollhose, die F\u00fc\u00dfe stecken in Schl\u00fcpfschuhen mit dicken Socken. Er tr\u00e4gt ein Hemd, dar\u00fcber eine Weste mit roten Applikationen. Auf dem Kopf ein Hut mit breiter Krempe. Mit der linken Hand h\u00e4lt er eine Pfeife zum Mund.","label":"Beschreibung"},{"value":"Krieger, Ignacy","label":"Fotograf:in"},{"value":"Nowy Targ (Aufnahmeort)   ; vor 1890 (Aufnahmedatum)","label":"Entstehung"},{"value":"Papier, Fotografie","label":"Material"},{"value":"Albuminabzug, koloriert","label":"Technik"},{"value":"Foto: H: 9 cm B: 5,5 cm Archivkarton A4","label":"Abmessungen"},{"value":"Objekt","label":"Objekttyp"},{"value":"Positiv, schwarz-wei\u00df","label":"Objektart"},{"value":"pos/14845","label":"Inventarnummer"},{"value":"Goralen","label":"Assoziation"},{"value":"[pos/918] - Positiv: Mann aus Neumarkt, Galizien","label":"\u00c4hnliche Objekte"},{"value":"225 /// Dupl. 918 [22.10.13 A. Hammer] /// Gorale. /// Neumarkt /// 14.845 /// s. 14.794 [I. Krieger, Krakau]","label":"Inschrift / Aufschrift"},{"value":"Schenkung","label":"Erwerbungsart"}]}