{"viewingHint":"paged","service":[],"structures":[{"ranges":["https://sammlung.volkskundemuseum.at/i3f/v20/286490/range/288781","https://sammlung.volkskundemuseum.at/i3f/v20/286490/range/288782"],"viewingHint":"top","@id":"https://sammlung.volkskundemuseum.at/i3f/v20/286490/range/286490","@type":"sc:Range","label":"Table of Contents"},{"canvases":["https://sammlung.volkskundemuseum.at/i3f/v20/286490/canvas/291488"],"@id":"https://sammlung.volkskundemuseum.at/i3f/v20/286490/range/288781","@type":"sc:Range","label":"dig/31584: Volkskundemuseum Wien"},{"canvases":["https://sammlung.volkskundemuseum.at/i3f/v20/286490/canvas/291489"],"@id":"https://sammlung.volkskundemuseum.at/i3f/v20/286490/range/288782","@type":"sc:Range","label":"dig/31585: Volkskundemuseum Wien"}],"sequences":[{"canvases":[{"height":2169,"width":3291,"images":[{"resource":{"service":{"profile":"http://iiif.io/api/image/2/level2.json","@context":"http://iiif.io/api/image/2/context.json","@id":"https://sammlung.volkskundemuseum.at/i3f/v20/291488"},"format":"image/jpeg","height":659,"width":1000,"@id":"https://sammlung.volkskundemuseum.at/download/webcache/1000/291488","@type":"dctypes:Image"},"on":"https://sammlung.volkskundemuseum.at/i3f/v20/286490/canvas/291488","motivation":"sc:painting","@id":"https://sammlung.volkskundemuseum.at/i3f/v20/286490/annotation/291488","@type":"oa:Annotation"}],"label":"[1]","@id":"https://sammlung.volkskundemuseum.at/i3f/v20/286490/canvas/291488","@type":"sc:Canvas"},{"height":3523,"width":2524,"images":[{"resource":{"service":{"profile":"http://iiif.io/api/image/2/level2.json","@context":"http://iiif.io/api/image/2/context.json","@id":"https://sammlung.volkskundemuseum.at/i3f/v20/291489"},"format":"image/jpeg","height":1395,"width":1000,"@id":"https://sammlung.volkskundemuseum.at/download/webcache/1000/291489","@type":"dctypes:Image"},"on":"https://sammlung.volkskundemuseum.at/i3f/v20/286490/canvas/291489","motivation":"sc:painting","@id":"https://sammlung.volkskundemuseum.at/i3f/v20/286490/annotation/291489","@type":"oa:Annotation"}],"label":"[2]","@id":"https://sammlung.volkskundemuseum.at/i3f/v20/286490/canvas/291489","@type":"sc:Canvas"}],"viewingHint":"paged","startCanvas":"https://sammlung.volkskundemuseum.at/i3f/v20/286490/canvas/291488","viewingDirection":"left-to-right","label":"Current Page Order","@context":"http://iiif.io/api/presentation/2/context.json","@id":"https://sammlung.volkskundemuseum.at/i3f/v20/286490/sequence/normal","@type":"sc:Sequence"}],"label":"pos/14685: Ansichtskarte: Personen aus Galizien","thumbnail":{"width":304,"height":200,"@id":"https://sammlung.volkskundemuseum.at/i3f/v21/291488/full/304/0/default.jpg","@type":"dctypes:Image","format":"image/jpeg"},"logo":{"@id":"https://sammlung.volkskundemuseum.at/domainresource/static/graphics/connectors/viewerLogo.gif","service":{"profile":"http://iiif.io/api/image/2/level2.json","@context":"http://iiif.io/api/image/2/context.json","@id":""}},"@context":"http://iiif.io/api/presentation/2/context.json","seeAlso":{"format":"application/xml","@id":"https://sammlung.volkskundemuseum.at/oai?verb=GetRecord&metadataPrefix=mets&identifier=286490","label":"METS"},"@id":"https://sammlung.volkskundemuseum.at/i3f/v20/286490/manifest","@type":"sc:Manifest","metadata":[{"value":"Ansichtskarte, schwarz-wei\u00df. \rAu\u00dfenaufnahme. Junger und \u00e4lterer Mann in einem Hof. Hinter ihnen h\u00f6lzerne H\u00e4user und aufgestapelte Holzscheite sowie Holzschindeln. Beide tragen helle Hosen und Hemden, beide sind barfu\u00df. Der j\u00fcngere tr\u00e4gt eine Pelzm\u00fctze auf dem Kopf.","label":"Beschreibung"},{"value":"unbekannt","label":"Fotograf:in"},{"value":"unbekannt","label":"Verlag"},{"value":"Polen (Aufnahmeort)   ; vor 1955 (Aufnahmedatum)","label":"Entstehung"},{"value":"Papier ; Archivkarton, Fotografie","label":"Material"},{"value":"Druckverfahren (Fotografie), Postkarte","label":"Technik"},{"value":"Postkarte","label":"Format"},{"value":"Foto: H: 8 cm B: 11 cm Ansichtskarte: H: 9 cm B: 13,5 cm Archivkarton A4","label":"Abmessungen"},{"value":"Objekt","label":"Objekttyp"},{"value":"Ansichtskarte, schwarz-wei\u00df  ; Ansichtskarte, schwarz-wei\u00df auf Archivkarton","label":"Objektart"},{"value":"pos/14685","label":"Inventarnummer"},{"value":"Ruthenen   / Galizien","label":"Assoziation"},{"value":"172. Ruthenische Bauern. // Ruthenische Bauern. // 14.685","label":"Inschrift / Aufschrift"},{"value":"Schenkung","label":"Erwerbungsart"}]}