{"viewingHint":"paged","service":[],"structures":[{"ranges":["https://sammlung.volkskundemuseum.at/i3f/v20/286239/range/288262","https://sammlung.volkskundemuseum.at/i3f/v20/286239/range/288263"],"viewingHint":"top","@id":"https://sammlung.volkskundemuseum.at/i3f/v20/286239/range/286239","@type":"sc:Range","label":"Table of Contents"},{"canvases":["https://sammlung.volkskundemuseum.at/i3f/v20/286239/canvas/291017"],"@id":"https://sammlung.volkskundemuseum.at/i3f/v20/286239/range/288262","@type":"sc:Range","label":"dig/31114: Volkskundemuseum Wien"},{"canvases":["https://sammlung.volkskundemuseum.at/i3f/v20/286239/canvas/291018"],"@id":"https://sammlung.volkskundemuseum.at/i3f/v20/286239/range/288263","@type":"sc:Range","label":"dig/31115: Volkskundemuseum Wien"}],"sequences":[{"canvases":[{"height":5366,"width":3936,"images":[{"resource":{"service":{"profile":"http://iiif.io/api/image/2/level2.json","@context":"http://iiif.io/api/image/2/context.json","@id":"https://sammlung.volkskundemuseum.at/i3f/v20/291017"},"format":"image/jpeg","height":1363,"width":1000,"@id":"https://sammlung.volkskundemuseum.at/download/webcache/1000/291017","@type":"dctypes:Image"},"on":"https://sammlung.volkskundemuseum.at/i3f/v20/286239/canvas/291017","motivation":"sc:painting","@id":"https://sammlung.volkskundemuseum.at/i3f/v20/286239/annotation/291017","@type":"oa:Annotation"}],"label":"[1]","@id":"https://sammlung.volkskundemuseum.at/i3f/v20/286239/canvas/291017","@type":"sc:Canvas"},{"height":3501,"width":2527,"images":[{"resource":{"service":{"profile":"http://iiif.io/api/image/2/level2.json","@context":"http://iiif.io/api/image/2/context.json","@id":"https://sammlung.volkskundemuseum.at/i3f/v20/291018"},"format":"image/jpeg","height":1385,"width":1000,"@id":"https://sammlung.volkskundemuseum.at/download/webcache/1000/291018","@type":"dctypes:Image"},"on":"https://sammlung.volkskundemuseum.at/i3f/v20/286239/canvas/291018","motivation":"sc:painting","@id":"https://sammlung.volkskundemuseum.at/i3f/v20/286239/annotation/291018","@type":"oa:Annotation"}],"label":"[2]","@id":"https://sammlung.volkskundemuseum.at/i3f/v20/286239/canvas/291018","@type":"sc:Canvas"}],"viewingHint":"paged","startCanvas":"https://sammlung.volkskundemuseum.at/i3f/v20/286239/canvas/291017","viewingDirection":"left-to-right","label":"Current Page Order","@context":"http://iiif.io/api/presentation/2/context.json","@id":"https://sammlung.volkskundemuseum.at/i3f/v20/286239/sequence/normal","@type":"sc:Sequence"}],"label":"pos/1670: Positiv: Paar aus Westgalizien w\u00e4hrend des Kaiser-Huldigungs-Festzuges 1908, Wien","thumbnail":{"width":304,"height":414,"@id":"https://sammlung.volkskundemuseum.at/i3f/v21/291017/full/304/0/default.jpg","@type":"dctypes:Image","format":"image/jpeg"},"logo":{"@id":"https://sammlung.volkskundemuseum.at/domainresource/static/graphics/connectors/viewerLogo.gif","service":{"profile":"http://iiif.io/api/image/2/level2.json","@context":"http://iiif.io/api/image/2/context.json","@id":""}},"@context":"http://iiif.io/api/presentation/2/context.json","seeAlso":{"format":"application/xml","@id":"https://sammlung.volkskundemuseum.at/oai?verb=GetRecord&metadataPrefix=mets&identifier=286239","label":"METS"},"@id":"https://sammlung.volkskundemuseum.at/i3f/v20/286239/manifest","@type":"sc:Manifest","metadata":[{"value":"Positiv auf Archivkarton, Au\u00dfenaufnahme.\rEin Mann und ein junges M\u00e4dchen in westgalizischer Tracht. Beide sind von hinten / seitlich zu sehen. Der Mann tr\u00e4gt einen Hut, eine Fellweste, Stiefel, Bluse, Rock \u00fcber der Hose, das M\u00e4dchen eine verzierte Bluse, Weste, Sch\u00fcrze \u00fcber dem Rock, mit langem Zopf. Im Hintergrund steht ein Mann mit Hut und Anzug.\r\rKaiser-Huldigungs-Festzug 1908\rAnl\u00e4sslich des 60-j\u00e4hrigen Regierungsjubil\u00e4ums Kaiser Franz Josephs fand am 12. Juni 1908 am Ring in Wien der Kaiser-Huldigungs-Festzug statt. Dabei wurde die Einigkeit des Vielv\u00f6lkerstaates beschworen und die Geschichte des Habsburgerreichs in detailtreuen historischen Kost\u00fcmen gezeigt. Danach folgten die Vertreterinnen und Vertreter der Nationalit\u00e4ten in Volkstrachten und mit Musikkapellen. Insgesamt nahmen mehr als 12.000 Personen teil und lockten unz\u00e4hlige Zuschauerinnen und Zuschauer an den Ring.","label":"Beschreibung"},{"value":"Kunstanstalt J. L\u00f6wy","label":"Fotograf:in"},{"value":"R. Lechner's k. k. Hof- und Univ.-Buchhandlung (Wilhelm M\u00fcller)","label":"Verlag"},{"value":"Wien (Aufnahmeort)   ; Wien (Verlagsort)   ; 12.06.1908 (Aufnahmedatum, datiert)","label":"Entstehung"},{"value":"Papier, Fotografie","label":"Material"},{"value":"Positivverfahren schwarz-wei\u00df auf Papier","label":"Technik"},{"value":"Hochformat","label":"Format"},{"value":"Foto: H: 22,2 cm B: 16,2 cm Archivkarton A4","label":"Abmessungen"},{"value":"Objekt","label":"Objekttyp"},{"value":"Positiv, schwarz-wei\u00df auf Archivkarton","label":"Objektart"},{"value":"pos/1670","label":"Inventarnummer"},{"value":"Stereotyp   / Kaiser-Huldigungs-Festzug 1908","label":"Assoziation"},{"value":"Kaiser-Huldigungs-Festzug 1908","label":"Abgebildetes Ereignis"},{"value":"1670 /// Tracht in Westgalizien // 1670","label":"Inschrift / Aufschrift"},{"value":"unbekannt","label":"Erwerbungsart"}]}