{"viewingHint":"paged","service":[],"structures":[{"ranges":["https://sammlung.volkskundemuseum.at/i3f/v20/286183/range/288150","https://sammlung.volkskundemuseum.at/i3f/v20/286183/range/288151"],"viewingHint":"top","@id":"https://sammlung.volkskundemuseum.at/i3f/v20/286183/range/286183","@type":"sc:Range","label":"Table of Contents"},{"canvases":["https://sammlung.volkskundemuseum.at/i3f/v20/286183/canvas/290910"],"@id":"https://sammlung.volkskundemuseum.at/i3f/v20/286183/range/288150","@type":"sc:Range","label":"dig/19721: Volkskundemuseum Wien"},{"canvases":["https://sammlung.volkskundemuseum.at/i3f/v20/286183/canvas/290911"],"@id":"https://sammlung.volkskundemuseum.at/i3f/v20/286183/range/288151","@type":"sc:Range","label":"dig/19722: Volkskundemuseum Wien"}],"sequences":[{"canvases":[{"height":2663,"width":1689,"images":[{"resource":{"service":{"profile":"http://iiif.io/api/image/2/level2.json","@context":"http://iiif.io/api/image/2/context.json","@id":"https://sammlung.volkskundemuseum.at/i3f/v20/290910"},"format":"image/jpeg","height":1576,"width":1000,"@id":"https://sammlung.volkskundemuseum.at/download/webcache/1000/290910","@type":"dctypes:Image"},"on":"https://sammlung.volkskundemuseum.at/i3f/v20/286183/canvas/290910","motivation":"sc:painting","@id":"https://sammlung.volkskundemuseum.at/i3f/v20/286183/annotation/290910","@type":"oa:Annotation"}],"label":"[1]","@id":"https://sammlung.volkskundemuseum.at/i3f/v20/286183/canvas/290910","@type":"sc:Canvas"},{"height":3616,"width":2562,"images":[{"resource":{"service":{"profile":"http://iiif.io/api/image/2/level2.json","@context":"http://iiif.io/api/image/2/context.json","@id":"https://sammlung.volkskundemuseum.at/i3f/v20/290911"},"format":"image/jpeg","height":1411,"width":1000,"@id":"https://sammlung.volkskundemuseum.at/download/webcache/1000/290911","@type":"dctypes:Image"},"on":"https://sammlung.volkskundemuseum.at/i3f/v20/286183/canvas/290911","motivation":"sc:painting","@id":"https://sammlung.volkskundemuseum.at/i3f/v20/286183/annotation/290911","@type":"oa:Annotation"}],"label":"[2]","@id":"https://sammlung.volkskundemuseum.at/i3f/v20/286183/canvas/290911","@type":"sc:Canvas"}],"viewingHint":"paged","startCanvas":"https://sammlung.volkskundemuseum.at/i3f/v20/286183/canvas/290910","viewingDirection":"left-to-right","label":"Current Page Order","@context":"http://iiif.io/api/presentation/2/context.json","@id":"https://sammlung.volkskundemuseum.at/i3f/v20/286183/sequence/normal","@type":"sc:Sequence"}],"label":"pos/947: Positiv: \u00e4lterer Mann aus Krakau, Galizien","thumbnail":{"width":304,"height":479,"@id":"https://sammlung.volkskundemuseum.at/i3f/v21/290910/full/304/0/default.jpg","@type":"dctypes:Image","format":"image/jpeg"},"logo":{"@id":"https://sammlung.volkskundemuseum.at/domainresource/static/graphics/connectors/viewerLogo.gif","service":{"profile":"http://iiif.io/api/image/2/level2.json","@context":"http://iiif.io/api/image/2/context.json","@id":""}},"@context":"http://iiif.io/api/presentation/2/context.json","seeAlso":{"format":"application/xml","@id":"https://sammlung.volkskundemuseum.at/oai?verb=GetRecord&metadataPrefix=mets&identifier=286183","label":"METS"},"@id":"https://sammlung.volkskundemuseum.at/i3f/v20/286183/manifest","@type":"sc:Manifest","metadata":[{"value":"Positiv, koloriert, Studioaufnahme. Der Mann steht direkt vor der Kamera, er st\u00fctzt sich mit der rechten Hand auf einen kurzen Gehstock. Auf dem Kopf tr\u00e4gt er einen gl\u00e4nzenden schwarzen Zylinder, seine Haare und sein Bart sind lang. \u00dcber der Schulter tr\u00e4gt er ein braunes Tuch, ein graues hingegen \u00fcber dem linken Arm. Er hat einen grauen langen Mantel an. Der Kleidung und Beschriftung im Inventarbuch nach zu urteilen, k\u00f6nnte es sich hier um eine Person handeln, die dem Judentum angeh\u00f6rt.","label":"Beschreibung"},{"value":"Krieger, Ignacy","label":"Fotograf:in"},{"value":"Galizien (Aufnahmeort)   ; Krakau (Verlagsort)   ; Polen (Aufnahmeort)   ; vor 1904 (Aufnahmedatum)","label":"Entstehung"},{"value":"Papier, Fotografie","label":"Material"},{"value":"Albuminabzug, koloriert","label":"Technik"},{"value":"Hochformat","label":"Format"},{"value":"Foto: H: 9,2 cm B: 5,7 cm Untersatzkarton: H: 10,8 cm B: 6,6 cm Archivkarton A4","label":"Abmessungen"},{"value":"Objekt","label":"Objekttyp"},{"value":"Positiv, schwarz-wei\u00df auf Untersatzkarton auf Archivkarton","label":"Objektart"},{"value":"pos/947","label":"Inventarnummer"},{"value":"Judentum","label":"Assoziation"},{"value":"[pos/14871] - Positiv: \"Jude\" aus Krakau, Galizien","label":"\u00c4hnliche Objekte"},{"value":"J. KRIEGER W KRAKOWIE. /// Polnischer Jude aus Krakau /// 947 /// 14.747 /// si.o. /// vor 1904","label":"Inschrift / Aufschrift"},{"value":"Ankauf","label":"Erwerbungsart"}]}