{"viewingHint":"paged","service":[],"structures":[{"ranges":["https://sammlung.volkskundemuseum.at/i3f/v20/286181/range/288146","https://sammlung.volkskundemuseum.at/i3f/v20/286181/range/288147"],"viewingHint":"top","@id":"https://sammlung.volkskundemuseum.at/i3f/v20/286181/range/286181","@type":"sc:Range","label":"Table of Contents"},{"canvases":["https://sammlung.volkskundemuseum.at/i3f/v20/286181/canvas/290906"],"@id":"https://sammlung.volkskundemuseum.at/i3f/v20/286181/range/288146","@type":"sc:Range","label":"dig/19717: Volkskundemuseum Wien"},{"canvases":["https://sammlung.volkskundemuseum.at/i3f/v20/286181/canvas/290907"],"@id":"https://sammlung.volkskundemuseum.at/i3f/v20/286181/range/288147","@type":"sc:Range","label":"dig/19718: Volkskundemuseum Wien"}],"sequences":[{"canvases":[{"height":2687,"width":1701,"images":[{"resource":{"service":{"profile":"http://iiif.io/api/image/2/level2.json","@context":"http://iiif.io/api/image/2/context.json","@id":"https://sammlung.volkskundemuseum.at/i3f/v20/290906"},"format":"image/jpeg","height":1579,"width":1000,"@id":"https://sammlung.volkskundemuseum.at/download/webcache/1000/290906","@type":"dctypes:Image"},"on":"https://sammlung.volkskundemuseum.at/i3f/v20/286181/canvas/290906","motivation":"sc:painting","@id":"https://sammlung.volkskundemuseum.at/i3f/v20/286181/annotation/290906","@type":"oa:Annotation"}],"label":"[1]","@id":"https://sammlung.volkskundemuseum.at/i3f/v20/286181/canvas/290906","@type":"sc:Canvas"},{"height":3605,"width":2573,"images":[{"resource":{"service":{"profile":"http://iiif.io/api/image/2/level2.json","@context":"http://iiif.io/api/image/2/context.json","@id":"https://sammlung.volkskundemuseum.at/i3f/v20/290907"},"format":"image/jpeg","height":1401,"width":1000,"@id":"https://sammlung.volkskundemuseum.at/download/webcache/1000/290907","@type":"dctypes:Image"},"on":"https://sammlung.volkskundemuseum.at/i3f/v20/286181/canvas/290907","motivation":"sc:painting","@id":"https://sammlung.volkskundemuseum.at/i3f/v20/286181/annotation/290907","@type":"oa:Annotation"}],"label":"[2]","@id":"https://sammlung.volkskundemuseum.at/i3f/v20/286181/canvas/290907","@type":"sc:Canvas"}],"viewingHint":"paged","startCanvas":"https://sammlung.volkskundemuseum.at/i3f/v20/286181/canvas/290906","viewingDirection":"left-to-right","label":"Current Page Order","@context":"http://iiif.io/api/presentation/2/context.json","@id":"https://sammlung.volkskundemuseum.at/i3f/v20/286181/sequence/normal","@type":"sc:Sequence"}],"label":"pos/945: Positiv: \u00e4lterer Mann aus Krakau, Galizien","thumbnail":{"width":304,"height":480,"@id":"https://sammlung.volkskundemuseum.at/i3f/v21/290906/full/304/0/default.jpg","@type":"dctypes:Image","format":"image/jpeg"},"logo":{"@id":"https://sammlung.volkskundemuseum.at/domainresource/static/graphics/connectors/viewerLogo.gif","service":{"profile":"http://iiif.io/api/image/2/level2.json","@context":"http://iiif.io/api/image/2/context.json","@id":""}},"@context":"http://iiif.io/api/presentation/2/context.json","seeAlso":{"format":"application/xml","@id":"https://sammlung.volkskundemuseum.at/oai?verb=GetRecord&metadataPrefix=mets&identifier=286181","label":"METS"},"@id":"https://sammlung.volkskundemuseum.at/i3f/v20/286181/manifest","@type":"sc:Manifest","metadata":[{"value":"Positiv, koloriert, Studioaufnahme. Der Mann, etwas \u00e4lter, tr\u00e4gt einen langen wei\u00dfen Bart, der ihm bis zum Bauch herabw\u00e4chst. Er tr\u00e4gt eine schwarze Oberbekleidung und eine schwarze M\u00fctze mit dickem Fellbesatz. Der Kleidung und Beschriftung im Inventarbuch nach zu urteilen, k\u00f6nnte es sich hier um eine Person handeln, die dem Judentum angeh\u00f6rt.","label":"Beschreibung"},{"value":"Krieger, Ignacy","label":"Fotograf:in"},{"value":"Galizien (Aufnahmeort)   ; Krakau (Verlagsort)   ; Polen (Aufnahmeort)   ; vor 1904 (Aufnahmedatum)","label":"Entstehung"},{"value":"Papier, Fotografie","label":"Material"},{"value":"Positivverfahren schwarz-wei\u00df auf Papier, koloriert","label":"Technik"},{"value":"Hochformat","label":"Format"},{"value":"Foto: H: 9,2 cm B: 5,7 cm Untersatzkarton: H: 10,8 cm B: 6,6 cm Archivkarton A4","label":"Abmessungen"},{"value":"Objekt","label":"Objekttyp"},{"value":"Positiv, schwarz-wei\u00df auf Untersatzkarton auf Archivkarton","label":"Objektart"},{"value":"pos/945","label":"Inventarnummer"},{"value":"Judentum","label":"Assoziation"},{"value":"[dia/51] - Diapositiv: Portr\u00e4t eines alten Mannes, j\u00fcdisch-orthodox, Krakau, Galizien[pos/14867] - Positiv: \"Jude\" aus Krakau, Galizien","label":"\u00c4hnliche Objekte"},{"value":"J. KRIEGER W KRAKOWIE. /// Polnischer Jude aus Krakau /// 945 /// 14.745 /// si.o. /// vor 1904","label":"Inschrift / Aufschrift"},{"value":"Ankauf","label":"Erwerbungsart"}]}