{"viewingHint":"paged","service":[],"structures":[{"ranges":["https://sammlung.volkskundemuseum.at/i3f/v20/286180/range/288144","https://sammlung.volkskundemuseum.at/i3f/v20/286180/range/288145"],"viewingHint":"top","@id":"https://sammlung.volkskundemuseum.at/i3f/v20/286180/range/286180","@type":"sc:Range","label":"Table of Contents"},{"canvases":["https://sammlung.volkskundemuseum.at/i3f/v20/286180/canvas/290904"],"@id":"https://sammlung.volkskundemuseum.at/i3f/v20/286180/range/288144","@type":"sc:Range","label":"dig/19715: Volkskundemuseum Wien"},{"canvases":["https://sammlung.volkskundemuseum.at/i3f/v20/286180/canvas/290905"],"@id":"https://sammlung.volkskundemuseum.at/i3f/v20/286180/range/288145","@type":"sc:Range","label":"dig/19716: Volkskundemuseum Wien"}],"sequences":[{"canvases":[{"height":2686,"width":1701,"images":[{"resource":{"service":{"profile":"http://iiif.io/api/image/2/level2.json","@context":"http://iiif.io/api/image/2/context.json","@id":"https://sammlung.volkskundemuseum.at/i3f/v20/290904"},"format":"image/jpeg","height":1579,"width":1000,"@id":"https://sammlung.volkskundemuseum.at/download/webcache/1000/290904","@type":"dctypes:Image"},"on":"https://sammlung.volkskundemuseum.at/i3f/v20/286180/canvas/290904","motivation":"sc:painting","@id":"https://sammlung.volkskundemuseum.at/i3f/v20/286180/annotation/290904","@type":"oa:Annotation"}],"label":"[1]","@id":"https://sammlung.volkskundemuseum.at/i3f/v20/286180/canvas/290904","@type":"sc:Canvas"},{"height":3594,"width":2573,"images":[{"resource":{"service":{"profile":"http://iiif.io/api/image/2/level2.json","@context":"http://iiif.io/api/image/2/context.json","@id":"https://sammlung.volkskundemuseum.at/i3f/v20/290905"},"format":"image/jpeg","height":1396,"width":1000,"@id":"https://sammlung.volkskundemuseum.at/download/webcache/1000/290905","@type":"dctypes:Image"},"on":"https://sammlung.volkskundemuseum.at/i3f/v20/286180/canvas/290905","motivation":"sc:painting","@id":"https://sammlung.volkskundemuseum.at/i3f/v20/286180/annotation/290905","@type":"oa:Annotation"}],"label":"[2]","@id":"https://sammlung.volkskundemuseum.at/i3f/v20/286180/canvas/290905","@type":"sc:Canvas"}],"viewingHint":"paged","startCanvas":"https://sammlung.volkskundemuseum.at/i3f/v20/286180/canvas/290904","viewingDirection":"left-to-right","label":"Current Page Order","@context":"http://iiif.io/api/presentation/2/context.json","@id":"https://sammlung.volkskundemuseum.at/i3f/v20/286180/sequence/normal","@type":"sc:Sequence"}],"label":"pos/944: Positiv: betender Mann aus Krakau, Galizien","thumbnail":{"width":304,"height":480,"@id":"https://sammlung.volkskundemuseum.at/i3f/v21/290904/full/304/0/default.jpg","@type":"dctypes:Image","format":"image/jpeg"},"logo":{"@id":"https://sammlung.volkskundemuseum.at/domainresource/static/graphics/connectors/viewerLogo.gif","service":{"profile":"http://iiif.io/api/image/2/level2.json","@context":"http://iiif.io/api/image/2/context.json","@id":""}},"@context":"http://iiif.io/api/presentation/2/context.json","seeAlso":{"format":"application/xml","@id":"https://sammlung.volkskundemuseum.at/oai?verb=GetRecord&metadataPrefix=mets&identifier=286180","label":"METS"},"@id":"https://sammlung.volkskundemuseum.at/i3f/v20/286180/manifest","@type":"sc:Manifest","metadata":[{"value":"Positiv, koloriert, Studioaufnahme. \rDer Mann steht vor einem Pult mit schr\u00e4ger Auflagefl\u00e4che, auf welchem ein St\u00fcck bestickter Stoff liegt. Darauf wiederum liegt ein Buch. \rDer Mann selbst tr\u00e4gt einen schwarzen Mantel, hat einen Bart und tr\u00e4gt auf dem Kopf eine Kippa. \u00dcber den Kopf gelegt hat er zudem ein gro\u00dfes langes schwarz-wei\u00dfes Tuch: den Tallit. Seine rechte Hand ist erhoben, als w\u00e4re er in Gebet vertieft.","label":"Beschreibung"},{"value":"Krieger, Ignacy","label":"Fotograf:in"},{"value":"Galizien (Aufnahmeort)   ; Krakau (Verlagsort)   ; Polen (Aufnahmeort)   ; vor 1904 (Aufnahmedatum)","label":"Entstehung"},{"value":"Papier, Fotografie","label":"Material"},{"value":"Positivverfahren schwarz-wei\u00df auf Papier, koloriert","label":"Technik"},{"value":"Hochformat","label":"Format"},{"value":"Foto: H: 9,2 cm B: 5,7 cm Untersatzkarton: H: 10,8 cm B: 6,6 cm Archivkarton A4","label":"Abmessungen"},{"value":"Objekt","label":"Objekttyp"},{"value":"Positiv, schwarz-wei\u00df auf Untersatzkarton auf Archivkarton","label":"Objektart"},{"value":"pos/944","label":"Inventarnummer"},{"value":"Thora  / Judentum","label":"Assoziation"},{"value":"[pos/14872] - Positiv: \"Jude\" aus Krakau, Galizien","label":"\u00c4hnliche Objekte"},{"value":"J. KRIEGER W KRAKOWIE. /// Polnischer Jude aus Krakau /// 944 /// 14.744 /// si.o. /// vor 1904","label":"Inschrift / Aufschrift"},{"value":"Ankauf","label":"Erwerbungsart"}]}