{"viewingHint":"paged","service":[],"structures":[{"ranges":["https://sammlung.volkskundemuseum.at/i3f/v20/286151/range/288085","https://sammlung.volkskundemuseum.at/i3f/v20/286151/range/288086"],"viewingHint":"top","@id":"https://sammlung.volkskundemuseum.at/i3f/v20/286151/range/286151","@type":"sc:Range","label":"Table of Contents"},{"canvases":["https://sammlung.volkskundemuseum.at/i3f/v20/286151/canvas/290846"],"@id":"https://sammlung.volkskundemuseum.at/i3f/v20/286151/range/288085","@type":"sc:Range","label":"dig/19657: Volkskundemuseum Wien"},{"canvases":["https://sammlung.volkskundemuseum.at/i3f/v20/286151/canvas/290847"],"@id":"https://sammlung.volkskundemuseum.at/i3f/v20/286151/range/288086","@type":"sc:Range","label":"dig/19658: Volkskundemuseum Wien"}],"sequences":[{"canvases":[{"height":2688,"width":1690,"images":[{"resource":{"service":{"profile":"http://iiif.io/api/image/2/level2.json","@context":"http://iiif.io/api/image/2/context.json","@id":"https://sammlung.volkskundemuseum.at/i3f/v20/290846"},"format":"image/jpeg","height":1590,"width":1000,"@id":"https://sammlung.volkskundemuseum.at/download/webcache/1000/290846","@type":"dctypes:Image"},"on":"https://sammlung.volkskundemuseum.at/i3f/v20/286151/canvas/290846","motivation":"sc:painting","@id":"https://sammlung.volkskundemuseum.at/i3f/v20/286151/annotation/290846","@type":"oa:Annotation"}],"label":"[1]","@id":"https://sammlung.volkskundemuseum.at/i3f/v20/286151/canvas/290846","@type":"sc:Canvas"},{"height":3588,"width":2556,"images":[{"resource":{"service":{"profile":"http://iiif.io/api/image/2/level2.json","@context":"http://iiif.io/api/image/2/context.json","@id":"https://sammlung.volkskundemuseum.at/i3f/v20/290847"},"format":"image/jpeg","height":1403,"width":1000,"@id":"https://sammlung.volkskundemuseum.at/download/webcache/1000/290847","@type":"dctypes:Image"},"on":"https://sammlung.volkskundemuseum.at/i3f/v20/286151/canvas/290847","motivation":"sc:painting","@id":"https://sammlung.volkskundemuseum.at/i3f/v20/286151/annotation/290847","@type":"oa:Annotation"}],"label":"[2]","@id":"https://sammlung.volkskundemuseum.at/i3f/v20/286151/canvas/290847","@type":"sc:Canvas"}],"viewingHint":"paged","startCanvas":"https://sammlung.volkskundemuseum.at/i3f/v20/286151/canvas/290846","viewingDirection":"left-to-right","label":"Current Page Order","@context":"http://iiif.io/api/presentation/2/context.json","@id":"https://sammlung.volkskundemuseum.at/i3f/v20/286151/sequence/normal","@type":"sc:Sequence"}],"label":"pos/914: Positiv: Frau aus der Umgebung von Krakau, Galizien","thumbnail":{"width":304,"height":483,"@id":"https://sammlung.volkskundemuseum.at/i3f/v21/290846/full/304/0/default.jpg","@type":"dctypes:Image","format":"image/jpeg"},"logo":{"@id":"https://sammlung.volkskundemuseum.at/domainresource/static/graphics/connectors/viewerLogo.gif","service":{"profile":"http://iiif.io/api/image/2/level2.json","@context":"http://iiif.io/api/image/2/context.json","@id":""}},"@context":"http://iiif.io/api/presentation/2/context.json","seeAlso":{"format":"application/xml","@id":"https://sammlung.volkskundemuseum.at/oai?verb=GetRecord&metadataPrefix=mets&identifier=286151","label":"METS"},"@id":"https://sammlung.volkskundemuseum.at/i3f/v20/286151/manifest","@type":"sc:Manifest","metadata":[{"value":"Positiv, koloriert: Frau mit Schn\u00fcrschuhen und langem rosa Rock. \u00dcber dem Oberk\u00f6rper tr\u00e4gt sie ein gro\u00dfes wei\u00dfes Tuch. \u00dcber der Schulter tr\u00e4gt sie einen Transportbeutel, am linken Arm h\u00e4lt sie einen geflochtenen Korb.","label":"Beschreibung"},{"value":"Krieger, Ignacy","label":"Fotograf:in"},{"value":"Galizien (Aufnahmeort)   ; Polen (Aufnahmeort)   ; Krakau (Verlagsort)   ; vor 1904 (Aufnahmedatum)","label":"Entstehung"},{"value":"Papier, Fotografie","label":"Material"},{"value":"Albuminabzug, koloriert","label":"Technik"},{"value":"Hochformat","label":"Format"},{"value":"Foto: H: 9,2 cm B: 5,7 cm Untersatzkarton: H: 10,6 cm B: 6,6 cm Archivkarton A4","label":"Abmessungen"},{"value":"Objekt","label":"Objekttyp"},{"value":"Positiv, schwarz-wei\u00df auf Untersatzkarton auf Archivkarton","label":"Objektart"},{"value":"pos/914","label":"Inventarnummer"},{"value":"J. KRIEGER W KRAKOWIE. /// Bergbewohnerin aus Tryebunica (?) /// 914 /// s. o.","label":"Inschrift / Aufschrift"},{"value":"Ankauf","label":"Erwerbungsart"}]}