{"viewingHint":"paged","service":[],"structures":[{"ranges":["https://sammlung.volkskundemuseum.at/i3f/v20/286140/range/288063","https://sammlung.volkskundemuseum.at/i3f/v20/286140/range/288064"],"viewingHint":"top","@id":"https://sammlung.volkskundemuseum.at/i3f/v20/286140/range/286140","@type":"sc:Range","label":"Table of Contents"},{"canvases":["https://sammlung.volkskundemuseum.at/i3f/v20/286140/canvas/290824"],"@id":"https://sammlung.volkskundemuseum.at/i3f/v20/286140/range/288063","@type":"sc:Range","label":"dig/19635: Volkskundemuseum Wien"},{"canvases":["https://sammlung.volkskundemuseum.at/i3f/v20/286140/canvas/290825"],"@id":"https://sammlung.volkskundemuseum.at/i3f/v20/286140/range/288064","@type":"sc:Range","label":"dig/19636: Volkskundemuseum Wien"}],"sequences":[{"canvases":[{"height":2676,"width":1667,"images":[{"resource":{"service":{"profile":"http://iiif.io/api/image/2/level2.json","@context":"http://iiif.io/api/image/2/context.json","@id":"https://sammlung.volkskundemuseum.at/i3f/v20/290824"},"format":"image/jpeg","height":1605,"width":1000,"@id":"https://sammlung.volkskundemuseum.at/download/webcache/1000/290824","@type":"dctypes:Image"},"on":"https://sammlung.volkskundemuseum.at/i3f/v20/286140/canvas/290824","motivation":"sc:painting","@id":"https://sammlung.volkskundemuseum.at/i3f/v20/286140/annotation/290824","@type":"oa:Annotation"}],"label":"[1]","@id":"https://sammlung.volkskundemuseum.at/i3f/v20/286140/canvas/290824","@type":"sc:Canvas"},{"height":3587,"width":2528,"images":[{"resource":{"service":{"profile":"http://iiif.io/api/image/2/level2.json","@context":"http://iiif.io/api/image/2/context.json","@id":"https://sammlung.volkskundemuseum.at/i3f/v20/290825"},"format":"image/jpeg","height":1418,"width":1000,"@id":"https://sammlung.volkskundemuseum.at/download/webcache/1000/290825","@type":"dctypes:Image"},"on":"https://sammlung.volkskundemuseum.at/i3f/v20/286140/canvas/290825","motivation":"sc:painting","@id":"https://sammlung.volkskundemuseum.at/i3f/v20/286140/annotation/290825","@type":"oa:Annotation"}],"label":"[2]","@id":"https://sammlung.volkskundemuseum.at/i3f/v20/286140/canvas/290825","@type":"sc:Canvas"}],"viewingHint":"paged","startCanvas":"https://sammlung.volkskundemuseum.at/i3f/v20/286140/canvas/290824","viewingDirection":"left-to-right","label":"Current Page Order","@context":"http://iiif.io/api/presentation/2/context.json","@id":"https://sammlung.volkskundemuseum.at/i3f/v20/286140/sequence/normal","@type":"sc:Sequence"}],"label":"pos/903: Positiv: Frau aus Bronowice, Galizien","thumbnail":{"width":304,"height":488,"@id":"https://sammlung.volkskundemuseum.at/i3f/v21/290824/full/304/0/default.jpg","@type":"dctypes:Image","format":"image/jpeg"},"logo":{"@id":"https://sammlung.volkskundemuseum.at/domainresource/static/graphics/connectors/viewerLogo.gif","service":{"profile":"http://iiif.io/api/image/2/level2.json","@context":"http://iiif.io/api/image/2/context.json","@id":""}},"@context":"http://iiif.io/api/presentation/2/context.json","seeAlso":{"format":"application/xml","@id":"https://sammlung.volkskundemuseum.at/oai?verb=GetRecord&metadataPrefix=mets&identifier=286140","label":"METS"},"@id":"https://sammlung.volkskundemuseum.at/i3f/v20/286140/manifest","@type":"sc:Manifest","metadata":[{"value":"Positiv, koloriert, Aufnahme, \rDie Frau steht mit einer Bibel in der Hand vor der Kamera, der Blick in die Ferne. Sie tr\u00e4gt ein bunt besticktes Kopftuch, und eine bunt bestickte und gef\u00e4rbte Jacke \u00fcber einem Rock. Der Untersatzkarton ist rechts mit einem Tintenfleck schwarz eingef\u00e4rbt.","label":"Beschreibung"},{"value":"Krieger, Ignacy","label":"Fotograf:in"},{"value":"Krakau (Verlagsort)   ; Galizien (Aufnahmeort)   ; Polen (Aufnahmeort)   ; vor 1904 (Aufnahmedatum)","label":"Entstehung"},{"value":"Papier, Fotografie","label":"Material"},{"value":"Albuminabzug, koloriert ; Positivverfahren schwarz-wei\u00df auf Papier, koloriert","label":"Technik"},{"value":"Hochformat","label":"Format"},{"value":"Foto: H: 9,2 cm B: 5,7 cm Untersatzkarton: H: 10,5 cm B: 6,5 cm Archivkarton A4","label":"Abmessungen"},{"value":"Objekt","label":"Objekttyp"},{"value":"Positiv, schwarz-wei\u00df auf Untersatzkarton auf Archivkarton","label":"Objektart"},{"value":"pos/903","label":"Inventarnummer"},{"value":"Stereotyp","label":"Assoziation"},{"value":"129  /// J. KRIEGER W KRAKOWIE./// Frau aus Bronowice Mole (?) /// 903 /// s. o.","label":"Inschrift / Aufschrift"},{"value":"Ankauf","label":"Erwerbungsart"}]}