{"viewingHint":"paged","service":[],"structures":[{"ranges":["https://sammlung.volkskundemuseum.at/i3f/v20/286139/range/288061","https://sammlung.volkskundemuseum.at/i3f/v20/286139/range/288062"],"viewingHint":"top","@id":"https://sammlung.volkskundemuseum.at/i3f/v20/286139/range/286139","@type":"sc:Range","label":"Table of Contents"},{"canvases":["https://sammlung.volkskundemuseum.at/i3f/v20/286139/canvas/290822"],"@id":"https://sammlung.volkskundemuseum.at/i3f/v20/286139/range/288061","@type":"sc:Range","label":"dig/19633: Volkskundemuseum Wien"},{"canvases":["https://sammlung.volkskundemuseum.at/i3f/v20/286139/canvas/290823"],"@id":"https://sammlung.volkskundemuseum.at/i3f/v20/286139/range/288062","@type":"sc:Range","label":"dig/19634: Volkskundemuseum Wien"}],"sequences":[{"canvases":[{"height":2676,"width":1667,"images":[{"resource":{"service":{"profile":"http://iiif.io/api/image/2/level2.json","@context":"http://iiif.io/api/image/2/context.json","@id":"https://sammlung.volkskundemuseum.at/i3f/v20/290822"},"format":"image/jpeg","height":1605,"width":1000,"@id":"https://sammlung.volkskundemuseum.at/download/webcache/1000/290822","@type":"dctypes:Image"},"on":"https://sammlung.volkskundemuseum.at/i3f/v20/286139/canvas/290822","motivation":"sc:painting","@id":"https://sammlung.volkskundemuseum.at/i3f/v20/286139/annotation/290822","@type":"oa:Annotation"}],"label":"[1]","@id":"https://sammlung.volkskundemuseum.at/i3f/v20/286139/canvas/290822","@type":"sc:Canvas"},{"height":3587,"width":2528,"images":[{"resource":{"service":{"profile":"http://iiif.io/api/image/2/level2.json","@context":"http://iiif.io/api/image/2/context.json","@id":"https://sammlung.volkskundemuseum.at/i3f/v20/290823"},"format":"image/jpeg","height":1418,"width":1000,"@id":"https://sammlung.volkskundemuseum.at/download/webcache/1000/290823","@type":"dctypes:Image"},"on":"https://sammlung.volkskundemuseum.at/i3f/v20/286139/canvas/290823","motivation":"sc:painting","@id":"https://sammlung.volkskundemuseum.at/i3f/v20/286139/annotation/290823","@type":"oa:Annotation"}],"label":"[2]","@id":"https://sammlung.volkskundemuseum.at/i3f/v20/286139/canvas/290823","@type":"sc:Canvas"}],"viewingHint":"paged","startCanvas":"https://sammlung.volkskundemuseum.at/i3f/v20/286139/canvas/290822","viewingDirection":"left-to-right","label":"Current Page Order","@context":"http://iiif.io/api/presentation/2/context.json","@id":"https://sammlung.volkskundemuseum.at/i3f/v20/286139/sequence/normal","@type":"sc:Sequence"}],"label":"pos/902: Positiv: Frau aus Dziekanowice, Galizien","thumbnail":{"width":304,"height":488,"@id":"https://sammlung.volkskundemuseum.at/i3f/v21/290822/full/304/0/default.jpg","@type":"dctypes:Image","format":"image/jpeg"},"logo":{"@id":"https://sammlung.volkskundemuseum.at/domainresource/static/graphics/connectors/viewerLogo.gif","service":{"profile":"http://iiif.io/api/image/2/level2.json","@context":"http://iiif.io/api/image/2/context.json","@id":""}},"@context":"http://iiif.io/api/presentation/2/context.json","seeAlso":{"format":"application/xml","@id":"https://sammlung.volkskundemuseum.at/oai?verb=GetRecord&metadataPrefix=mets&identifier=286139","label":"METS"},"@id":"https://sammlung.volkskundemuseum.at/i3f/v20/286139/manifest","@type":"sc:Manifest","metadata":[{"value":"Positiv, koloriert.Eine Frau steht mit in die H\u00fcfte gestemmten Armen vor der Kamera. Sie tr\u00e4gt ein lockeres Kopftuch, sowie ein halb offenes Mieder \u00fcber einer wei\u00dfen Bluse. Ihr Rock oder ihre Sch\u00fcrze sind pink eingef\u00e4rbt.","label":"Beschreibung"},{"value":"Krieger, Ignacy","label":"Fotograf:in"},{"value":"Galizien (Aufnahmeort)   ; Polen (Aufnahmeort)   ; Krakau (Verlagsort)   ; vor 1904 (Aufnahmedatum)","label":"Entstehung"},{"value":"Papier, Fotografie","label":"Material"},{"value":"Albuminabzug, koloriert ; Positivverfahren schwarz-wei\u00df auf Papier, koloriert","label":"Technik"},{"value":"Hochformat","label":"Format"},{"value":"Foto: H: 9,2 cm B: 5,7 cm Untersatzkarton: H: 10,5 cm B: 6,5 cm Archivkarton A4","label":"Abmessungen"},{"value":"Objekt","label":"Objekttyp"},{"value":"Positiv, schwarz-wei\u00df auf Untersatzkarton auf Archivkarton","label":"Objektart"},{"value":"pos/902","label":"Inventarnummer"},{"value":"Stereotyp","label":"Assoziation"},{"value":"189 /// J. KRIEGER W KRAKOWIE./// Frau aus Dziekanowize/// 902 /// s. o.","label":"Inschrift / Aufschrift"},{"value":"Ankauf","label":"Erwerbungsart"}]}