{"viewingHint":"paged","service":[],"structures":[{"ranges":["https://sammlung.volkskundemuseum.at/i3f/v20/286087/range/287954","https://sammlung.volkskundemuseum.at/i3f/v20/286087/range/287955"],"viewingHint":"top","@id":"https://sammlung.volkskundemuseum.at/i3f/v20/286087/range/286087","@type":"sc:Range","label":"Table of Contents"},{"canvases":["https://sammlung.volkskundemuseum.at/i3f/v20/286087/canvas/290717"],"@id":"https://sammlung.volkskundemuseum.at/i3f/v20/286087/range/287954","@type":"sc:Range","label":"dig/19529: Volkskundemuseum Wien"},{"canvases":["https://sammlung.volkskundemuseum.at/i3f/v20/286087/canvas/290718"],"@id":"https://sammlung.volkskundemuseum.at/i3f/v20/286087/range/287955","@type":"sc:Range","label":"dig/19530: Volkskundemuseum Wien"}],"sequences":[{"canvases":[{"height":4057,"width":2679,"images":[{"resource":{"service":{"profile":"http://iiif.io/api/image/2/level2.json","@context":"http://iiif.io/api/image/2/context.json","@id":"https://sammlung.volkskundemuseum.at/i3f/v20/290717"},"format":"image/jpeg","height":1514,"width":1000,"@id":"https://sammlung.volkskundemuseum.at/download/webcache/1000/290717","@type":"dctypes:Image"},"on":"https://sammlung.volkskundemuseum.at/i3f/v20/286087/canvas/290717","motivation":"sc:painting","@id":"https://sammlung.volkskundemuseum.at/i3f/v20/286087/annotation/290717","@type":"oa:Annotation"}],"label":"[1]","@id":"https://sammlung.volkskundemuseum.at/i3f/v20/286087/canvas/290717","@type":"sc:Canvas"},{"height":3587,"width":2543,"images":[{"resource":{"service":{"profile":"http://iiif.io/api/image/2/level2.json","@context":"http://iiif.io/api/image/2/context.json","@id":"https://sammlung.volkskundemuseum.at/i3f/v20/290718"},"format":"image/jpeg","height":1410,"width":1000,"@id":"https://sammlung.volkskundemuseum.at/download/webcache/1000/290718","@type":"dctypes:Image"},"on":"https://sammlung.volkskundemuseum.at/i3f/v20/286087/canvas/290718","motivation":"sc:painting","@id":"https://sammlung.volkskundemuseum.at/i3f/v20/286087/annotation/290718","@type":"oa:Annotation"}],"label":"[2]","@id":"https://sammlung.volkskundemuseum.at/i3f/v20/286087/canvas/290718","@type":"sc:Canvas"}],"viewingHint":"paged","startCanvas":"https://sammlung.volkskundemuseum.at/i3f/v20/286087/canvas/290717","viewingDirection":"left-to-right","label":"Current Page Order","@context":"http://iiif.io/api/presentation/2/context.json","@id":"https://sammlung.volkskundemuseum.at/i3f/v20/286087/sequence/normal","@type":"sc:Sequence"}],"label":"pos/845: Positiv: \u00e4lterer Mann aus Krakau, Galizien","thumbnail":{"width":304,"height":460,"@id":"https://sammlung.volkskundemuseum.at/i3f/v21/290717/full/304/0/default.jpg","@type":"dctypes:Image","format":"image/jpeg"},"logo":{"@id":"https://sammlung.volkskundemuseum.at/domainresource/static/graphics/connectors/viewerLogo.gif","service":{"profile":"http://iiif.io/api/image/2/level2.json","@context":"http://iiif.io/api/image/2/context.json","@id":""}},"@context":"http://iiif.io/api/presentation/2/context.json","seeAlso":{"format":"application/xml","@id":"https://sammlung.volkskundemuseum.at/oai?verb=GetRecord&metadataPrefix=mets&identifier=286087","label":"METS"},"@id":"https://sammlung.volkskundemuseum.at/i3f/v20/286087/manifest","@type":"sc:Manifest","metadata":[{"value":"Portr\u00e4t eines \u00e4lteren Juden mit Kippa, langem Bart, Mantel und Schl\u00e4fenlocken. \rZur Aufnahme existiert ein Negativ (neg/14749) in der Fotosammlung des Volkskundemuseum Wien.","label":"Beschreibung"},{"value":"Krieger, Ignacy","label":"Fotograf:in"},{"value":"Krieger, Ignacy","label":"Verlag"},{"value":"Galizien (Aufnahmeort)   ; Krakau (Verlagsort)   ; Polen (Aufnahmeort)   ; vor 1904 (Aufnahmedatum)","label":"Entstehung"},{"value":"Papier, Fotografie","label":"Material"},{"value":"Positivverfahren schwarz-wei\u00df auf Papier","label":"Technik"},{"value":"Carte de Cabinet","label":"Format"},{"value":"Foto: H: 13,5 cm B: 9,5 cm Untersatzkarton: H: 16,5 cm B: 11 cm Archivkarton A4","label":"Abmessungen"},{"value":"Objekt","label":"Objekttyp"},{"value":"Positiv, schwarz-wei\u00df auf Untersatzkarton auf Archivkarton","label":"Objektart"},{"value":"pos/845","label":"Inventarnummer"},{"value":"Judentum","label":"Assoziation"},{"value":"SK /// Jude aus Krakau /// 845 /// 14.749 /// si.o. /// vor 1904","label":"Inschrift / Aufschrift"},{"value":"Ankauf","label":"Erwerbungsart"}]}