{"viewingHint":"paged","service":[],"structures":[{"ranges":["https://sammlung.volkskundemuseum.at/i3f/v20/286081/range/287941","https://sammlung.volkskundemuseum.at/i3f/v20/286081/range/287942"],"viewingHint":"top","@id":"https://sammlung.volkskundemuseum.at/i3f/v20/286081/range/286081","@type":"sc:Range","label":"Table of Contents"},{"canvases":["https://sammlung.volkskundemuseum.at/i3f/v20/286081/canvas/290705"],"@id":"https://sammlung.volkskundemuseum.at/i3f/v20/286081/range/287941","@type":"sc:Range","label":"dig/19517: Volkskundemuseum Wien"},{"canvases":["https://sammlung.volkskundemuseum.at/i3f/v20/286081/canvas/290706"],"@id":"https://sammlung.volkskundemuseum.at/i3f/v20/286081/range/287942","@type":"sc:Range","label":"dig/19518: Volkskundemuseum Wien"}],"sequences":[{"canvases":[{"height":4025,"width":2734,"images":[{"resource":{"service":{"profile":"http://iiif.io/api/image/2/level2.json","@context":"http://iiif.io/api/image/2/context.json","@id":"https://sammlung.volkskundemuseum.at/i3f/v20/290705"},"format":"image/jpeg","height":1472,"width":1000,"@id":"https://sammlung.volkskundemuseum.at/download/webcache/1000/290705","@type":"dctypes:Image"},"on":"https://sammlung.volkskundemuseum.at/i3f/v20/286081/canvas/290705","motivation":"sc:painting","@id":"https://sammlung.volkskundemuseum.at/i3f/v20/286081/annotation/290705","@type":"oa:Annotation"}],"label":"[1]","@id":"https://sammlung.volkskundemuseum.at/i3f/v20/286081/canvas/290705","@type":"sc:Canvas"},{"height":3576,"width":2531,"images":[{"resource":{"service":{"profile":"http://iiif.io/api/image/2/level2.json","@context":"http://iiif.io/api/image/2/context.json","@id":"https://sammlung.volkskundemuseum.at/i3f/v20/290706"},"format":"image/jpeg","height":1412,"width":1000,"@id":"https://sammlung.volkskundemuseum.at/download/webcache/1000/290706","@type":"dctypes:Image"},"on":"https://sammlung.volkskundemuseum.at/i3f/v20/286081/canvas/290706","motivation":"sc:painting","@id":"https://sammlung.volkskundemuseum.at/i3f/v20/286081/annotation/290706","@type":"oa:Annotation"}],"label":"[2]","@id":"https://sammlung.volkskundemuseum.at/i3f/v20/286081/canvas/290706","@type":"sc:Canvas"}],"viewingHint":"paged","startCanvas":"https://sammlung.volkskundemuseum.at/i3f/v20/286081/canvas/290705","viewingDirection":"left-to-right","label":"Current Page Order","@context":"http://iiif.io/api/presentation/2/context.json","@id":"https://sammlung.volkskundemuseum.at/i3f/v20/286081/sequence/normal","@type":"sc:Sequence"}],"label":"pos/839: Positiv: Frau aus Bia\u0142y Dunajec, Galizien","thumbnail":{"width":304,"height":447,"@id":"https://sammlung.volkskundemuseum.at/i3f/v21/290705/full/304/0/default.jpg","@type":"dctypes:Image","format":"image/jpeg"},"logo":{"@id":"https://sammlung.volkskundemuseum.at/domainresource/static/graphics/connectors/viewerLogo.gif","service":{"profile":"http://iiif.io/api/image/2/level2.json","@context":"http://iiif.io/api/image/2/context.json","@id":""}},"@context":"http://iiif.io/api/presentation/2/context.json","seeAlso":{"format":"application/xml","@id":"https://sammlung.volkskundemuseum.at/oai?verb=GetRecord&metadataPrefix=mets&identifier=286081","label":"METS"},"@id":"https://sammlung.volkskundemuseum.at/i3f/v20/286081/manifest","@type":"sc:Manifest","metadata":[{"value":"Studioaufnahme. Ganzk\u00f6rperportr\u00e4t einer Frau in langem Mantel vor einem gemalten Hintergrund mit Landschaft. Es handelt sich hier um dieselbe Frau wie auf dem Positiv pos/840.","label":"Beschreibung"},{"value":"Krieger, Ignacy","label":"Fotograf:in"},{"value":"Krieger, Ignacy","label":"Verlag"},{"value":"Galizien (Aufnahmeort)   ; Polen (Aufnahmeort)   ; Krakau (Verlagsort)   ; vor 1904 (Aufnahmedatum)","label":"Entstehung"},{"value":"Papier, Fotografie","label":"Material"},{"value":"Positivverfahren schwarz-wei\u00df auf Papier","label":"Technik"},{"value":"Hochformat","label":"Format"},{"value":"Foto: H: 13,4 cm B: 9,6 cm Untersatzkarton: H: 16,3 cm B: 10,9cm Archivkarton A4","label":"Abmessungen"},{"value":"Objekt","label":"Objekttyp"},{"value":"Positiv, schwarz-wei\u00df auf Untersatzkarton auf Archivkarton","label":"Objektart"},{"value":"pos/839","label":"Inventarnummer"},{"value":"[pos/840] - Positiv: Paar aus Bia\u0142y Dunajec, Galizien","label":"\u00c4hnliche Objekte"},{"value":"Bergbewohnerin aus Bia\u0142y Dunajec. /// 839 /// s.o.","label":"Inschrift / Aufschrift"},{"value":"Ankauf","label":"Erwerbungsart"}]}