{"viewingHint":"paged","service":[],"structures":[{"ranges":["https://sammlung.volkskundemuseum.at/i3f/v20/285959/range/287671","https://sammlung.volkskundemuseum.at/i3f/v20/285959/range/287672"],"viewingHint":"top","@id":"https://sammlung.volkskundemuseum.at/i3f/v20/285959/range/285959","@type":"sc:Range","label":"Table of Contents"},{"canvases":["https://sammlung.volkskundemuseum.at/i3f/v20/285959/canvas/290461"],"@id":"https://sammlung.volkskundemuseum.at/i3f/v20/285959/range/287671","@type":"sc:Range","label":"dig/19249: Volkskundemuseum Wien"},{"canvases":["https://sammlung.volkskundemuseum.at/i3f/v20/285959/canvas/290462"],"@id":"https://sammlung.volkskundemuseum.at/i3f/v20/285959/range/287672","@type":"sc:Range","label":"dig/19250: Volkskundemuseum Wien"}],"sequences":[{"canvases":[{"height":4490,"width":3349,"images":[{"resource":{"service":{"profile":"http://iiif.io/api/image/2/level2.json","@context":"http://iiif.io/api/image/2/context.json","@id":"https://sammlung.volkskundemuseum.at/i3f/v20/290461"},"format":"image/jpeg","height":1340,"width":1000,"@id":"https://sammlung.volkskundemuseum.at/download/webcache/1000/290461","@type":"dctypes:Image"},"on":"https://sammlung.volkskundemuseum.at/i3f/v20/285959/canvas/290461","motivation":"sc:painting","@id":"https://sammlung.volkskundemuseum.at/i3f/v20/285959/annotation/290461","@type":"oa:Annotation"}],"label":"[1]","@id":"https://sammlung.volkskundemuseum.at/i3f/v20/285959/canvas/290461","@type":"sc:Canvas"},{"height":3550,"width":2516,"images":[{"resource":{"service":{"profile":"http://iiif.io/api/image/2/level2.json","@context":"http://iiif.io/api/image/2/context.json","@id":"https://sammlung.volkskundemuseum.at/i3f/v20/290462"},"format":"image/jpeg","height":1410,"width":1000,"@id":"https://sammlung.volkskundemuseum.at/download/webcache/1000/290462","@type":"dctypes:Image"},"on":"https://sammlung.volkskundemuseum.at/i3f/v20/285959/canvas/290462","motivation":"sc:painting","@id":"https://sammlung.volkskundemuseum.at/i3f/v20/285959/annotation/290462","@type":"oa:Annotation"}],"label":"[2]","@id":"https://sammlung.volkskundemuseum.at/i3f/v20/285959/canvas/290462","@type":"sc:Canvas"}],"viewingHint":"paged","startCanvas":"https://sammlung.volkskundemuseum.at/i3f/v20/285959/canvas/290461","viewingDirection":"left-to-right","label":"Current Page Order","@context":"http://iiif.io/api/presentation/2/context.json","@id":"https://sammlung.volkskundemuseum.at/i3f/v20/285959/sequence/normal","@type":"sc:Sequence"}],"label":"pos/701: Positiv: Gruppenaufnahme in Sambor, Galizien","thumbnail":{"width":304,"height":407,"@id":"https://sammlung.volkskundemuseum.at/i3f/v21/290461/full/304/0/default.jpg","@type":"dctypes:Image","format":"image/jpeg"},"logo":{"@id":"https://sammlung.volkskundemuseum.at/domainresource/static/graphics/connectors/viewerLogo.gif","service":{"profile":"http://iiif.io/api/image/2/level2.json","@context":"http://iiif.io/api/image/2/context.json","@id":""}},"@context":"http://iiif.io/api/presentation/2/context.json","seeAlso":{"format":"application/xml","@id":"https://sammlung.volkskundemuseum.at/oai?verb=GetRecord&metadataPrefix=mets&identifier=285959","label":"METS"},"@id":"https://sammlung.volkskundemuseum.at/i3f/v20/285959/manifest","@type":"sc:Manifest","metadata":[{"value":"Positiv: Aufnahme einer Gruppe in charakteristisch ruthenischer bzw. huzulischer Kleidung (z.B. Weste (Keptar), Korallenkette, Rock, Mantel). Au\u00dfenaufnahme.","label":"Beschreibung"},{"value":"Szuchiewicz, Wladimir","label":"Fotograf:in"},{"value":"Sambir (Stadt) (Aufnahmeort)   ; vor 1904 (Aufnahmedatum)","label":"Entstehung"},{"value":"Papier, Fotografie","label":"Material"},{"value":"Albuminabzug","label":"Technik"},{"value":"Hochformat","label":"Format"},{"value":"Foto: H: 15 cm B: 11 cm Untersatzkarton: H: 18,3 cm B: 13,3 cm Archivkarton A4","label":"Abmessungen"},{"value":"Objekt","label":"Objekttyp"},{"value":"Positiv, schwarz-wei\u00df auf Untersatzkarton auf Archivkarton","label":"Objektart"},{"value":"pos/701","label":"Inventarnummer"},{"value":"[pos/702] - Positiv: Frau und Mann aus Sambor, Galizien[pos/703] - Positiv: Portr\u00e4t einer Frau aus Sambor, Galizien","label":"\u00c4hnliche Objekte"},{"value":"20 /// 701 // Vorst\u00e4dter aus Sambor /// \rVorst\u00e4dter aus Sambor // 701","label":"Inschrift / Aufschrift"},{"value":"Ankauf","label":"Erwerbungsart"}]}