{"viewingHint":"paged","service":[],"structures":[{"ranges":["https://sammlung.volkskundemuseum.at/i3f/v20/285818/range/287352","https://sammlung.volkskundemuseum.at/i3f/v20/285818/range/287353"],"viewingHint":"top","@id":"https://sammlung.volkskundemuseum.at/i3f/v20/285818/range/285818","@type":"sc:Range","label":"Table of Contents"},{"canvases":["https://sammlung.volkskundemuseum.at/i3f/v20/285818/canvas/290179"],"@id":"https://sammlung.volkskundemuseum.at/i3f/v20/285818/range/287352","@type":"sc:Range","label":"dig/17699: Volkskundemuseum Wien"},{"canvases":["https://sammlung.volkskundemuseum.at/i3f/v20/285818/canvas/290180"],"@id":"https://sammlung.volkskundemuseum.at/i3f/v20/285818/range/287353","@type":"sc:Range","label":"dig/17700: Volkskundemuseum Wien"}],"sequences":[{"canvases":[{"height":2762,"width":3943,"images":[{"resource":{"service":{"profile":"http://iiif.io/api/image/2/level2.json","@context":"http://iiif.io/api/image/2/context.json","@id":"https://sammlung.volkskundemuseum.at/i3f/v20/290179"},"format":"image/jpeg","height":700,"width":1000,"@id":"https://sammlung.volkskundemuseum.at/download/webcache/1000/290179","@type":"dctypes:Image"},"on":"https://sammlung.volkskundemuseum.at/i3f/v20/285818/canvas/290179","motivation":"sc:painting","@id":"https://sammlung.volkskundemuseum.at/i3f/v20/285818/annotation/290179","@type":"oa:Annotation"}],"label":"[1]","@id":"https://sammlung.volkskundemuseum.at/i3f/v20/285818/canvas/290179","@type":"sc:Canvas"},{"height":3557,"width":2539,"images":[{"resource":{"service":{"profile":"http://iiif.io/api/image/2/level2.json","@context":"http://iiif.io/api/image/2/context.json","@id":"https://sammlung.volkskundemuseum.at/i3f/v20/290180"},"format":"image/jpeg","height":1400,"width":1000,"@id":"https://sammlung.volkskundemuseum.at/download/webcache/1000/290180","@type":"dctypes:Image"},"on":"https://sammlung.volkskundemuseum.at/i3f/v20/285818/canvas/290180","motivation":"sc:painting","@id":"https://sammlung.volkskundemuseum.at/i3f/v20/285818/annotation/290180","@type":"oa:Annotation"}],"label":"[2]","@id":"https://sammlung.volkskundemuseum.at/i3f/v20/285818/canvas/290180","@type":"sc:Canvas"}],"viewingHint":"paged","startCanvas":"https://sammlung.volkskundemuseum.at/i3f/v20/285818/canvas/290179","viewingDirection":"left-to-right","label":"Current Page Order","@context":"http://iiif.io/api/presentation/2/context.json","@id":"https://sammlung.volkskundemuseum.at/i3f/v20/285818/sequence/normal","@type":"sc:Sequence"}],"label":"pos/15: Positiv: Familie aus Kissileu, Bukowina","thumbnail":{"width":304,"height":212,"@id":"https://sammlung.volkskundemuseum.at/i3f/v21/290179/full/304/0/default.jpg","@type":"dctypes:Image","format":"image/jpeg"},"logo":{"@id":"https://sammlung.volkskundemuseum.at/domainresource/static/graphics/connectors/viewerLogo.gif","service":{"profile":"http://iiif.io/api/image/2/level2.json","@context":"http://iiif.io/api/image/2/context.json","@id":""}},"@context":"http://iiif.io/api/presentation/2/context.json","seeAlso":{"format":"application/xml","@id":"https://sammlung.volkskundemuseum.at/oai?verb=GetRecord&metadataPrefix=mets&identifier=285818","label":"METS"},"@id":"https://sammlung.volkskundemuseum.at/i3f/v20/285818/manifest","@type":"sc:Manifest","metadata":[{"value":"Abgebildet sind eine Frau und ein Mann in Arbeitstracht mit Kopfbedeckung sowie zwei Kinder vor einer Steineinfriedung am Holzgatter. Die Frau in der Bildmitte h\u00e4lt in ihren Armen eines der beiden Kinder, das zweite Kind steht etwas weiter rechts im Bild und ist mit einem wei\u00dfen Hemdchen bekleidet. Der Mann tr\u00e4gt als einziger Schuhe, er lehnt am Holzgatter und steckt seine rechte Hand unter das breite H\u00fcftband. Die Steineinfriedung ist abschnittsweise mit Viehmist abgedeckt. Hinter der Steinumz\u00e4unung im Hintergrund sind B\u00e4ume und H\u00e4user erkennbar, am rechten Bildrand Teile eines bekleideten Arms und eine Hand.","label":"Beschreibung"},{"value":"Szombathy, Josef","label":"Fotograf:in"},{"value":"Kysseliw (Aufnahmeort)  ; Bukowina (Aufnahmeort)   ; [06.1894-09.1894?] (Aufnahmedatum)","label":"Entstehung"},{"value":"Papier ; Papier, Fotografie","label":"Material"},{"value":"Albuminabzug","label":"Technik"},{"value":"Querformat","label":"Format"},{"value":"Foto: H: 8 cm B: 11,4 cm Untersatzkarton: H: 11,3 cm B: 16,1 cm Archivkarton A4","label":"Abmessungen"},{"value":"Objekt","label":"Objekttyp"},{"value":"Positiv, schwarz-wei\u00df auf Untersatzkarton auf Archivkarton","label":"Objektart"},{"value":"pos/15","label":"Inventarnummer"},{"value":"[pos/15453] - Positiv: Familie mit zwei Kindern vor einem Zaun und Siedlung, Bukowina","label":"\u00c4hnliche Objekte"},{"value":"J. Sz. 509 /// Bukowina. Kissileu. B\u00e4uerin mit rothem Fez /// Bukowina, Kissileu, B\u00e4uerin mit rotem Fez /// Kadobestic /// J. Szombathy /// Pos. 15 /// 1894 /// Dupl. 15.453","label":"Inschrift / Aufschrift"},{"value":"Schenkung","label":"Erwerbungsart"}]}