{"viewingHint":"paged","service":[],"structures":[{"ranges":["https://sammlung.volkskundemuseum.at/i3f/v20/285753/range/287258","https://sammlung.volkskundemuseum.at/i3f/v20/285753/range/287259"],"viewingHint":"top","@id":"https://sammlung.volkskundemuseum.at/i3f/v20/285753/range/285753","@type":"sc:Range","label":"Table of Contents"},{"canvases":["https://sammlung.volkskundemuseum.at/i3f/v20/285753/canvas/290099"],"@id":"https://sammlung.volkskundemuseum.at/i3f/v20/285753/range/287258","@type":"sc:Range","label":"dig/34469: Volkskundemuseum Wien"},{"canvases":["https://sammlung.volkskundemuseum.at/i3f/v20/285753/canvas/290100"],"@id":"https://sammlung.volkskundemuseum.at/i3f/v20/285753/range/287259","@type":"sc:Range","label":"dig/34470: Volkskundemuseum Wien"}],"sequences":[{"canvases":[{"height":4233,"width":4993,"images":[{"resource":{"service":{"profile":"http://iiif.io/api/image/2/level2.json","@context":"http://iiif.io/api/image/2/context.json","@id":"https://sammlung.volkskundemuseum.at/i3f/v20/290099"},"format":"image/jpeg","height":847,"width":1000,"@id":"https://sammlung.volkskundemuseum.at/download/webcache/1000/290099","@type":"dctypes:Image"},"on":"https://sammlung.volkskundemuseum.at/i3f/v20/285753/canvas/290099","motivation":"sc:painting","@id":"https://sammlung.volkskundemuseum.at/i3f/v20/285753/annotation/290099","@type":"oa:Annotation"}],"label":"[1]","@id":"https://sammlung.volkskundemuseum.at/i3f/v20/285753/canvas/290099","@type":"sc:Canvas"},{"height":2148,"width":2521,"images":[{"resource":{"service":{"profile":"http://iiif.io/api/image/2/level2.json","@context":"http://iiif.io/api/image/2/context.json","@id":"https://sammlung.volkskundemuseum.at/i3f/v20/290100"},"format":"image/jpeg","height":852,"width":1000,"@id":"https://sammlung.volkskundemuseum.at/download/webcache/1000/290100","@type":"dctypes:Image"},"on":"https://sammlung.volkskundemuseum.at/i3f/v20/285753/canvas/290100","motivation":"sc:painting","@id":"https://sammlung.volkskundemuseum.at/i3f/v20/285753/annotation/290100","@type":"oa:Annotation"}],"label":"[2]","@id":"https://sammlung.volkskundemuseum.at/i3f/v20/285753/canvas/290100","@type":"sc:Canvas"}],"viewingHint":"paged","startCanvas":"https://sammlung.volkskundemuseum.at/i3f/v20/285753/canvas/290099","viewingDirection":"left-to-right","label":"Current Page Order","@context":"http://iiif.io/api/presentation/2/context.json","@id":"https://sammlung.volkskundemuseum.at/i3f/v20/285753/sequence/normal","@type":"sc:Sequence"}],"label":"dia/475: Diapositiv: Bauernhof und Schulhaus, Bukowina","thumbnail":{"width":304,"height":257,"@id":"https://sammlung.volkskundemuseum.at/i3f/v21/290099/full/304/0/default.jpg","@type":"dctypes:Image","format":"image/jpeg"},"logo":{"@id":"https://sammlung.volkskundemuseum.at/domainresource/static/graphics/connectors/viewerLogo.gif","service":{"profile":"http://iiif.io/api/image/2/level2.json","@context":"http://iiif.io/api/image/2/context.json","@id":""}},"@context":"http://iiif.io/api/presentation/2/context.json","seeAlso":{"format":"application/xml","@id":"https://sammlung.volkskundemuseum.at/oai?verb=GetRecord&metadataPrefix=mets&identifier=285753","label":"METS"},"@id":"https://sammlung.volkskundemuseum.at/i3f/v20/285753/manifest","@type":"sc:Manifest","metadata":[{"value":"Glasdiapositiv gerahmt, mit schwarzen Papierstreifen umklebt, Reproduktion zweier Abbildungen aus einer Publikation. Die obere, querformatige Abbildung zeigt ein Schulhaus mit Schulkindern vor dem Geb\u00e4ude stehend und am Zaun sitzend.  Die untere, querformatige Abbildung zeigt einen Bauernhof, welcher aus mehreren Geb\u00e4udeteilen besteht. Vor dem Geb\u00e4ude steht eine Person neben K\u00fchen. Im Vordergrund des Hofes stehen mehrere K\u00fche und ein Mann mit einem Pferd.","label":"Beschreibung"},{"value":"Mitarbeiter:in des Museums","label":"Fotograf:in"},{"value":"Wien (Aufnahmeort)   ; vor 1920 (Aufnahmedatum)","label":"Entstehung"},{"value":"Glas, Fotografie ; Papierstreifen","label":"Material"},{"value":"Diapositivverfahren schwarz-wei\u00df","label":"Technik"},{"value":"Querformat","label":"Format"},{"value":"H: 8,5 cm B: 10,0 cm","label":"Abmessungen"},{"value":"Objekt","label":"Objekttyp"},{"value":"Glasdiapositiv, schwarz-wei\u00df","label":"Objektart"},{"value":"dia/475","label":"Inventarnummer"},{"value":"[dia/202] - Diapositiv: H\u00f6fe in Bosnien und Herzegowina und Kroatien[dia/201] - Diapositiv: Dreiseithof, Slowakei[dia/290] - Diapositiv: geteiltes Haus mit Stadel, Wolkenstein in Gr\u00f6den, S\u00fcdtirol, Italien[dia/474/002] - Diapositiv: Bauernh\u00e4user aus Wallern, B\u00f6hmen[dia/474/001] - Diapositiv: Bauernh\u00e4user aus Wallern, B\u00f6hmen","label":"\u00c4hnliche Objekte"},{"value":"recto: MUSEUM F\u00dcR VOLKSKUNDE, WIEN // V. // 475 Deutsch. Ansiedl. Bukowina // a Bauernhof // b Schulhaus\rverso: Deutsche Ansiedlung. Bukowina. Bauernhof, Schulhaus / oben // AAV2 // Eigentum des Museums f\u00fcr Volkskunde.","label":"Inschrift / Aufschrift"},{"value":"Museumsaufnahme, selbst erstellt","label":"Erwerbungsart"}]}