{"viewingHint":"paged","service":[],"structures":[{"ranges":["https://sammlung.volkskundemuseum.at/i3f/v20/284122/range/284311","https://sammlung.volkskundemuseum.at/i3f/v20/284122/range/284312"],"viewingHint":"top","@id":"https://sammlung.volkskundemuseum.at/i3f/v20/284122/range/284122","@type":"sc:Range","label":"Table of Contents"},{"canvases":["https://sammlung.volkskundemuseum.at/i3f/v20/284122/canvas/284572"],"@id":"https://sammlung.volkskundemuseum.at/i3f/v20/284122/range/284311","@type":"sc:Range","label":"dig/29261: Volkskundemuseum Wien"},{"canvases":["https://sammlung.volkskundemuseum.at/i3f/v20/284122/canvas/284573"],"@id":"https://sammlung.volkskundemuseum.at/i3f/v20/284122/range/284312","@type":"sc:Range","label":"dig/29262: Volkskundemuseum Wien"}],"sequences":[{"canvases":[{"height":5296,"width":3232,"images":[{"resource":{"service":{"profile":"http://iiif.io/api/image/2/level2.json","@context":"http://iiif.io/api/image/2/context.json","@id":"https://sammlung.volkskundemuseum.at/i3f/v20/284572"},"format":"image/jpeg","height":1638,"width":1000,"@id":"https://sammlung.volkskundemuseum.at/download/webcache/1000/284572","@type":"dctypes:Image"},"on":"https://sammlung.volkskundemuseum.at/i3f/v20/284122/canvas/284572","motivation":"sc:painting","@id":"https://sammlung.volkskundemuseum.at/i3f/v20/284122/annotation/284572","@type":"oa:Annotation"}],"label":"[1]","@id":"https://sammlung.volkskundemuseum.at/i3f/v20/284122/canvas/284572","@type":"sc:Canvas"},{"height":2626,"width":1605,"images":[{"resource":{"service":{"profile":"http://iiif.io/api/image/2/level2.json","@context":"http://iiif.io/api/image/2/context.json","@id":"https://sammlung.volkskundemuseum.at/i3f/v20/284573"},"format":"image/jpeg","height":1636,"width":1000,"@id":"https://sammlung.volkskundemuseum.at/download/webcache/1000/284573","@type":"dctypes:Image"},"on":"https://sammlung.volkskundemuseum.at/i3f/v20/284122/canvas/284573","motivation":"sc:painting","@id":"https://sammlung.volkskundemuseum.at/i3f/v20/284122/annotation/284573","@type":"oa:Annotation"}],"label":"[2]","@id":"https://sammlung.volkskundemuseum.at/i3f/v20/284122/canvas/284573","@type":"sc:Canvas"}],"viewingHint":"paged","startCanvas":"https://sammlung.volkskundemuseum.at/i3f/v20/284122/canvas/284572","viewingDirection":"left-to-right","label":"Current Page Order","@context":"http://iiif.io/api/presentation/2/context.json","@id":"https://sammlung.volkskundemuseum.at/i3f/v20/284122/sequence/normal","@type":"sc:Sequence"}],"label":"pos/63951/009: Lichtdruck, koloriert: Frau in Tracht, Unterinntal, Tirol","thumbnail":{"width":304,"height":498,"@id":"https://sammlung.volkskundemuseum.at/i3f/v21/284572/full/304/0/default.jpg","@type":"dctypes:Image","format":"image/jpeg"},"logo":{"@id":"https://sammlung.volkskundemuseum.at/domainresource/static/graphics/connectors/viewerLogo.gif","service":{"profile":"http://iiif.io/api/image/2/level2.json","@context":"http://iiif.io/api/image/2/context.json","@id":""}},"@context":"http://iiif.io/api/presentation/2/context.json","seeAlso":{"format":"application/xml","@id":"https://sammlung.volkskundemuseum.at/oai?verb=GetRecord&metadataPrefix=mets&identifier=284122","label":"METS"},"@id":"https://sammlung.volkskundemuseum.at/i3f/v20/284122/manifest","@type":"sc:Manifest","metadata":[{"value":"Teil einer Sammelbildserie \u00d6sterreichisch-Ungarischer Nationaltrachten. Abbildung findet sich auch im Bildband \"\u00d6sterreichisch-Ungarische Nationaltrachten\", Serie 1, Tafel 15.","label":"Beschreibung"},{"value":"Nieder\u00f6sterreichischer Gebirgsverein","label":"Sonstige:r Beteiligte:r"},{"value":"Gaul, Franz","label":"Mitwirkende:r bei Herstellung"},{"value":"L\u00f6wy, Josef","label":"Fotograf:in"},{"value":"R. Lechner's k. k. Hof- und Univ.-Buchhandlung","label":"Verlag"},{"value":"Wien (Aufnahmeort)   ; Wien (Verlagsort)   ; vor 1881 (Aufnahmedatum) ; 1881-1890","label":"Entstehung"},{"value":"Papier, Fotografie ; Karton","label":"Material"},{"value":"Lichtdruck, koloriert ; Goldpr\u00e4gedruck (Papier)","label":"Technik"},{"value":"Carte de Boudoir ; Hochformat","label":"Format"},{"value":"Foto: H: 18,2 cm B: 12,1 cm Untersatzkarton: H: 21,6 cm B: 13,0 cm","label":"Abmessungen"},{"value":"Objekt","label":"Objekttyp"},{"value":"Fotografie, Lichtdruck ; Trachtenbild","label":"Objektart"},{"value":"pos/63951/009","label":"Inventarnummer"},{"value":"Stereotyp   / Dirndlkleid","label":"Assoziation"},{"value":"recto: Oesterr.-Ung. National-Trachten /// 63. // TIROL // UNTERINNTHAL // R. Lechner's k.k. Hof- u. Univ.-Buchh. Wien, Graben 31.\r\rverso: Band 3, Bild 15 L\u00f6wy/Gaul /// pos 63951/009 /// 12 /// \rOesterreichisch-ungarische NATIONAL-TRACHTEN. ///\rUnter Leitung des Malers Herrn Franz Gaul Ober-Inspector am k. k. Hof-Operntheater in Wien. // nach der Natur photographirt, in Lichtdruck vervielf\u00e4ltigt und theils mit der Hand colorirt, theils in Chromodruck ausgef\u00fchrt. ///\rDrei Serien, zu je vierundzwanzig Blatt in Mappe, \u00e0 33 fl. ///\rEine K\u00fcnstler-Ausgabe in Aquarell gemalt und in ganz Schweinsleder gebunden kostet per Serie 275 fl. (Wurde nur in einigen Exemplaren hergestellt.) //\rEinzelne Bl\u00e4tter auf schwarzem Boudoir -Carton mit Goldfacette fl. 1.50. ///\rInhalt der Sammlung ///\rB\u00f6hmen. 4, 71. 39*) Pilsener Kreis. //\rBosnien. 33. Sarajewo, 42. Travnik. //\rBukowina. 5. Wiznitz, 18. Ruthenin. //\rDalmatien und K\u00fcstenland. 7. Verlicka, 21. Umgeb. v. Triest. //\rGalizien. 11, 31, 38.*) Krakau. //\rK\u00e4rnten. 1, 32.*) Gailthal, 16. Klagenfurt. 24. Laibach. //\rKroatien. 10, 34.*) Sissek, 69. Ogulin. //\rM\u00e4hren. 9, 35.*) Eisgrub und Lundenburg, 27. Wessely. //\rNieder-Oesterreich. 19. Tullner-Boden. ///\rOber-Oesterreich. 3, 70. Linz, 30.*) Lambach, 49. Innviertel, 65. Obersteyer, 67. Ischl. //\rSalzburg. 22, 46.*) Salzburg. //\rSchlesien. 20. Hennersdorf, 47.*) Jablunkau. //\rSteiermark. 12, 36.*) Aussee, 13. Seewiesen. //\rTirol und Vorarlberg. 2. Bregenzer Wald, 14, 51, 52.*) Sarnthal, 17, 25, 50. Pusterthal, 28.*) 59, 60.*) Zillerthal, 45. Kitzb\u00fchel, 54, 66. Defreggenthal, 55, 56,*) 64.*) Meran, 58,*) 68.*) Bozen, 62. Oetzthal, 63. Unterinnthal, 72.*) Passeyerthal. //\rUngarn und Siebenb\u00fcrgen. 6. Banat. 15. Tyrnau. 23, 40.*) Neutraer Comitat, 26.*) Kaosv\u00e1r, 29. Bekeser Comitat, 37. Csakova, 41, 44.*) Karansebes, 48.*) Veszprimer Comitat, 53. S\u00fcdslavin, 57, 61. Rum\u00e4nin, 8. Bistritz, 43.*) Hammersdorf. //\rDie mit *) bezeichneten Nummern sind M\u00e4nnertrachten. //\rAusser obigen Trachtenbildern halten wir das gr\u00f6sste Lager von in- und ausl\u00e4ndischen Maskenbildern und completen Cost\u00fcmwerken. //\rR. Lechner\u00b4s k. u. k. Hof- und Universit\u00e4ts-Buchhandlung (Wilh. M\u00fcller) 31 Graben WIEN Graben 31.","label":"Inschrift / Aufschrift"},{"value":"unbekannt","label":"Erwerbungsart"}]}