{"viewingHint":"paged","service":[],"structures":[{"ranges":["https://sammlung.volkskundemuseum.at/i3f/v20/280127/range/281919","https://sammlung.volkskundemuseum.at/i3f/v20/280127/range/281920"],"viewingHint":"top","@id":"https://sammlung.volkskundemuseum.at/i3f/v20/280127/range/280127","@type":"sc:Range","label":"Table of Contents"},{"canvases":["https://sammlung.volkskundemuseum.at/i3f/v20/280127/canvas/283812"],"@id":"https://sammlung.volkskundemuseum.at/i3f/v20/280127/range/281919","@type":"sc:Range","label":"dig/13811: Volkskundemuseum Wien"},{"canvases":["https://sammlung.volkskundemuseum.at/i3f/v20/280127/canvas/283813"],"@id":"https://sammlung.volkskundemuseum.at/i3f/v20/280127/range/281920","@type":"sc:Range","label":"dig/13812: Volkskundemuseum Wien"}],"sequences":[{"canvases":[{"height":5567,"width":3676,"images":[{"resource":{"service":{"profile":"http://iiif.io/api/image/2/level2.json","@context":"http://iiif.io/api/image/2/context.json","@id":"https://sammlung.volkskundemuseum.at/i3f/v20/283812"},"format":"image/jpeg","height":1514,"width":1000,"@id":"https://sammlung.volkskundemuseum.at/download/webcache/1000/283812","@type":"dctypes:Image"},"on":"https://sammlung.volkskundemuseum.at/i3f/v20/280127/canvas/283812","motivation":"sc:painting","@id":"https://sammlung.volkskundemuseum.at/i3f/v20/280127/annotation/283812","@type":"oa:Annotation"}],"label":"[1]","@id":"https://sammlung.volkskundemuseum.at/i3f/v20/280127/canvas/283812","@type":"sc:Canvas"},{"height":5568,"width":3677,"images":[{"resource":{"service":{"profile":"http://iiif.io/api/image/2/level2.json","@context":"http://iiif.io/api/image/2/context.json","@id":"https://sammlung.volkskundemuseum.at/i3f/v20/283813"},"format":"image/jpeg","height":1514,"width":1000,"@id":"https://sammlung.volkskundemuseum.at/download/webcache/1000/283813","@type":"dctypes:Image"},"on":"https://sammlung.volkskundemuseum.at/i3f/v20/280127/canvas/283813","motivation":"sc:painting","@id":"https://sammlung.volkskundemuseum.at/i3f/v20/280127/annotation/283813","@type":"oa:Annotation"}],"label":"[2]","@id":"https://sammlung.volkskundemuseum.at/i3f/v20/280127/canvas/283813","@type":"sc:Canvas"}],"viewingHint":"paged","startCanvas":"https://sammlung.volkskundemuseum.at/i3f/v20/280127/canvas/283812","viewingDirection":"left-to-right","label":"Current Page Order","@context":"http://iiif.io/api/presentation/2/context.json","@id":"https://sammlung.volkskundemuseum.at/i3f/v20/280127/sequence/normal","@type":"sc:Sequence"}],"label":"\u00d6MV/10840: Sterbeandenken","thumbnail":{"width":304,"height":460,"@id":"https://sammlung.volkskundemuseum.at/i3f/v21/283812/full/304/0/default.jpg","@type":"dctypes:Image","format":"image/jpeg"},"logo":{"@id":"https://sammlung.volkskundemuseum.at/domainresource/static/graphics/connectors/viewerLogo.gif","service":{"profile":"http://iiif.io/api/image/2/level2.json","@context":"http://iiif.io/api/image/2/context.json","@id":""}},"@context":"http://iiif.io/api/presentation/2/context.json","seeAlso":{"format":"application/xml","@id":"https://sammlung.volkskundemuseum.at/oai?verb=GetRecord&metadataPrefix=mets&identifier=280127","label":"METS"},"@id":"https://sammlung.volkskundemuseum.at/i3f/v20/280127/manifest","@type":"sc:Manifest","metadata":[{"value":"Sterbeandenken aus dem Verlag L. Turgis in Paris f\u00fcr Rupert Seidl, Austragbauer am Wurzergute sowie dessen Sohn Anton Seidl, Wurzerbauer in Voregg.","label":"Beschreibung"},{"value":"Schwarzbach, Josef","label":"Sammler:in"},{"value":"L. Turgis, Editeur","label":"Hersteller:in"},{"value":"Seidl, Rupert","label":"Beteiligt"},{"value":"Seidl, Anton","label":"Beteiligt"},{"value":"Zaunrith'sche Buchdruckerei","label":"Druck"},{"value":"Salzburg (Stadt) (Druckort)   ; Paris (Verlagsort)   ; 1889 (datiert)","label":"Entstehung"},{"value":"Papier","label":"Material"},{"value":"gedruckt (Sterbeandenken) ; Farblithografie","label":"Technik"},{"value":"H: 11,5 cm B: 7,3 cm","label":"Abmessungen"},{"value":"Objekt","label":"Objekttyp"},{"value":"Sterbeandenken","label":"Objektart"},{"value":"Schwarzbach, Josef: Todtendichtung. In: Zeitschrift f\u00fcr \u00f6sterreichische Volkskunde 2/1896, S. 180-182.\r\ro.A.: Josef Schwarzbach \u2020. In: Zeitschrift f\u00fcr \u00f6sterreichische Volkskunde 3/1897, S. 23.\r\rPetak, Arthur (Hg.): Todtendichtung II. Aus dem Nachlasse Josef Schwarzbach's, herausgegeben von Dr. Arthur Petak, Klagenfurt. In: Zeitschrift f\u00fcr \u00f6sterreichische Volkskunde 5/1899, S. 162-172.\r\rPetak, Arthur (Hg.): Todtendichtung II. (Schluss). Aus dem Nachlasse Josef Schwarzbach's, herausgegeben von Dr. Arthur Petak, Klagenfurt. In: Zeitschrift f\u00fcr \u00f6sterreichische Volkskunde 5/1899, S. 260-269.","label":"Weiterf\u00fchrende Informationen"},{"value":"\u00d6MV/10840","label":"Inventarnummer"},{"value":"Christliches Andenken an\rRupert Seidl,\rAustragbauer am Wurzergute,\rwelcher am 22. M\u00e4rz 1889, versehen mit den heil. Sterbsacramenten,\rim 85. Lebensjahre selig im Herrn entschlafen ist,\rsowie dessen Sohn\rAnton Seidl,\rWurzerbauer in Voregg,\rwelcher am 4. April 1889,\rnach Empfang der hl. Sterbsacramenten, im 51. Lebensjahre,\rsanft und selig im Herrn entschlafen ist.","label":"Inschrift / Aufschrift"},{"value":"Schenkung","label":"Erwerbungsart"}]}