{"viewingHint":"paged","service":[],"structures":[{"ranges":["https://sammlung.volkskundemuseum.at/i3f/v20/279963/range/281585","https://sammlung.volkskundemuseum.at/i3f/v20/279963/range/281586"],"viewingHint":"top","@id":"https://sammlung.volkskundemuseum.at/i3f/v20/279963/range/279963","@type":"sc:Range","label":"Table of Contents"},{"canvases":["https://sammlung.volkskundemuseum.at/i3f/v20/279963/canvas/283483"],"@id":"https://sammlung.volkskundemuseum.at/i3f/v20/279963/range/281585","@type":"sc:Range","label":"dig/13483: Volkskundemuseum Wien"},{"canvases":["https://sammlung.volkskundemuseum.at/i3f/v20/279963/canvas/283484"],"@id":"https://sammlung.volkskundemuseum.at/i3f/v20/279963/range/281586","@type":"sc:Range","label":"dig/13484: Volkskundemuseum Wien"}],"sequences":[{"canvases":[{"height":5303,"width":3647,"images":[{"resource":{"service":{"profile":"http://iiif.io/api/image/2/level2.json","@context":"http://iiif.io/api/image/2/context.json","@id":"https://sammlung.volkskundemuseum.at/i3f/v20/283483"},"format":"image/jpeg","height":1454,"width":1000,"@id":"https://sammlung.volkskundemuseum.at/download/webcache/1000/283483","@type":"dctypes:Image"},"on":"https://sammlung.volkskundemuseum.at/i3f/v20/279963/canvas/283483","motivation":"sc:painting","@id":"https://sammlung.volkskundemuseum.at/i3f/v20/279963/annotation/283483","@type":"oa:Annotation"}],"label":"[1]","@id":"https://sammlung.volkskundemuseum.at/i3f/v20/279963/canvas/283483","@type":"sc:Canvas"},{"height":5303,"width":3648,"images":[{"resource":{"service":{"profile":"http://iiif.io/api/image/2/level2.json","@context":"http://iiif.io/api/image/2/context.json","@id":"https://sammlung.volkskundemuseum.at/i3f/v20/283484"},"format":"image/jpeg","height":1453,"width":1000,"@id":"https://sammlung.volkskundemuseum.at/download/webcache/1000/283484","@type":"dctypes:Image"},"on":"https://sammlung.volkskundemuseum.at/i3f/v20/279963/canvas/283484","motivation":"sc:painting","@id":"https://sammlung.volkskundemuseum.at/i3f/v20/279963/annotation/283484","@type":"oa:Annotation"}],"label":"[2]","@id":"https://sammlung.volkskundemuseum.at/i3f/v20/279963/canvas/283484","@type":"sc:Canvas"}],"viewingHint":"paged","startCanvas":"https://sammlung.volkskundemuseum.at/i3f/v20/279963/canvas/283483","viewingDirection":"left-to-right","label":"Current Page Order","@context":"http://iiif.io/api/presentation/2/context.json","@id":"https://sammlung.volkskundemuseum.at/i3f/v20/279963/sequence/normal","@type":"sc:Sequence"}],"label":"\u00d6MV/10676: Sterbeandenken","thumbnail":{"width":304,"height":442,"@id":"https://sammlung.volkskundemuseum.at/i3f/v21/283483/full/304/0/default.jpg","@type":"dctypes:Image","format":"image/jpeg"},"logo":{"@id":"https://sammlung.volkskundemuseum.at/domainresource/static/graphics/connectors/viewerLogo.gif","service":{"profile":"http://iiif.io/api/image/2/level2.json","@context":"http://iiif.io/api/image/2/context.json","@id":""}},"@context":"http://iiif.io/api/presentation/2/context.json","seeAlso":{"format":"application/xml","@id":"https://sammlung.volkskundemuseum.at/oai?verb=GetRecord&metadataPrefix=mets&identifier=279963","label":"METS"},"@id":"https://sammlung.volkskundemuseum.at/i3f/v20/279963/manifest","@type":"sc:Manifest","metadata":[{"value":"Sterbeandenken aus dem Verlag Benziger & Co. in Einsiedeln f\u00fcr Johann Schmid,\rAuszugsbauer vom Nazlgut zu Reid, Pfarre Gilgenberg.","label":"Beschreibung"},{"value":"Schwarzbach, Josef","label":"Sammler:in"},{"value":"Benziger & Co.","label":"Hersteller:in"},{"value":"Schmid, Johann","label":"Beteiligt"},{"value":"Stampfl, Jos. & Comp.","label":"Druck"},{"value":"Braunau am Inn (Druckort)   ; Einsiedeln (Verlagsort)   ; 1891 (datiert)","label":"Entstehung"},{"value":"Papier","label":"Material"},{"value":"gedruckt (Sterbeandenken)","label":"Technik"},{"value":"H: 10,8 cm B: 7,3 cm","label":"Abmessungen"},{"value":"Objekt","label":"Objekttyp"},{"value":"Sterbeandenken","label":"Objektart"},{"value":"Schwarzbach, Josef: Todtendichtung. In: Zeitschrift f\u00fcr \u00f6sterreichische Volkskunde 2/1896, S. 180-182.\r\ro.A.: Josef Schwarzbach \u2020. In: Zeitschrift f\u00fcr \u00f6sterreichische Volkskunde 3/1897, S. 23.\r\rPetak, Arthur (Hg.): Todtendichtung II. Aus dem Nachlasse Josef Schwarzbach's, herausgegeben von Dr. Arthur Petak, Klagenfurt. In: Zeitschrift f\u00fcr \u00f6sterreichische Volkskunde 5/1899, S. 162-172.\r\rPetak, Arthur (Hg.): Todtendichtung II. (Schluss). Aus dem Nachlasse Josef Schwarzbach's, herausgegeben von Dr. Arthur Petak, Klagenfurt. In: Zeitschrift f\u00fcr \u00f6sterreichische Volkskunde 5/1899, S. 260-269.","label":"Weiterf\u00fchrende Informationen"},{"value":"\u00d6MV/10676","label":"Inventarnummer"},{"value":"Christliches Andenken an \rJohann Schmid,\rAuszugsbauer vom Nazlgut zu Reid, Pfarre Gilgenberg,\rwelcher am 11. M\u00e4rz 1891, um 9 Uhr Vormittag nach Empfang der hl. Sterbsakramente\rim 83. Lebensjahre selig im Herrn verschieden ist.","label":"Inschrift / Aufschrift"},{"value":"Schenkung","label":"Erwerbungsart"}]}