{"viewingHint":"paged","service":[],"structures":[{"ranges":["https://sammlung.volkskundemuseum.at/i3f/v20/279395/range/280431","https://sammlung.volkskundemuseum.at/i3f/v20/279395/range/280432"],"viewingHint":"top","@id":"https://sammlung.volkskundemuseum.at/i3f/v20/279395/range/279395","@type":"sc:Range","label":"Table of Contents"},{"canvases":["https://sammlung.volkskundemuseum.at/i3f/v20/279395/canvas/282345"],"@id":"https://sammlung.volkskundemuseum.at/i3f/v20/279395/range/280431","@type":"sc:Range","label":"dig/12347: Volkskundemuseum Wien"},{"canvases":["https://sammlung.volkskundemuseum.at/i3f/v20/279395/canvas/282346"],"@id":"https://sammlung.volkskundemuseum.at/i3f/v20/279395/range/280432","@type":"sc:Range","label":"dig/12348: Volkskundemuseum Wien"}],"sequences":[{"canvases":[{"height":5370,"width":3693,"images":[{"resource":{"service":{"profile":"http://iiif.io/api/image/2/level2.json","@context":"http://iiif.io/api/image/2/context.json","@id":"https://sammlung.volkskundemuseum.at/i3f/v20/282345"},"format":"image/jpeg","height":1454,"width":1000,"@id":"https://sammlung.volkskundemuseum.at/download/webcache/1000/282345","@type":"dctypes:Image"},"on":"https://sammlung.volkskundemuseum.at/i3f/v20/279395/canvas/282345","motivation":"sc:painting","@id":"https://sammlung.volkskundemuseum.at/i3f/v20/279395/annotation/282345","@type":"oa:Annotation"}],"label":"[1]","@id":"https://sammlung.volkskundemuseum.at/i3f/v20/279395/canvas/282345","@type":"sc:Canvas"},{"height":5369,"width":3694,"images":[{"resource":{"service":{"profile":"http://iiif.io/api/image/2/level2.json","@context":"http://iiif.io/api/image/2/context.json","@id":"https://sammlung.volkskundemuseum.at/i3f/v20/282346"},"format":"image/jpeg","height":1453,"width":1000,"@id":"https://sammlung.volkskundemuseum.at/download/webcache/1000/282346","@type":"dctypes:Image"},"on":"https://sammlung.volkskundemuseum.at/i3f/v20/279395/canvas/282346","motivation":"sc:painting","@id":"https://sammlung.volkskundemuseum.at/i3f/v20/279395/annotation/282346","@type":"oa:Annotation"}],"label":"[2]","@id":"https://sammlung.volkskundemuseum.at/i3f/v20/279395/canvas/282346","@type":"sc:Canvas"}],"viewingHint":"paged","startCanvas":"https://sammlung.volkskundemuseum.at/i3f/v20/279395/canvas/282345","viewingDirection":"left-to-right","label":"Current Page Order","@context":"http://iiif.io/api/presentation/2/context.json","@id":"https://sammlung.volkskundemuseum.at/i3f/v20/279395/sequence/normal","@type":"sc:Sequence"}],"label":"\u00d6MV/10107: Sterbeandenken","thumbnail":{"width":304,"height":442,"@id":"https://sammlung.volkskundemuseum.at/i3f/v21/282345/full/304/0/default.jpg","@type":"dctypes:Image","format":"image/jpeg"},"logo":{"@id":"https://sammlung.volkskundemuseum.at/domainresource/static/graphics/connectors/viewerLogo.gif","service":{"profile":"http://iiif.io/api/image/2/level2.json","@context":"http://iiif.io/api/image/2/context.json","@id":""}},"@context":"http://iiif.io/api/presentation/2/context.json","seeAlso":{"format":"application/xml","@id":"https://sammlung.volkskundemuseum.at/oai?verb=GetRecord&metadataPrefix=mets&identifier=279395","label":"METS"},"@id":"https://sammlung.volkskundemuseum.at/i3f/v20/279395/manifest","@type":"sc:Manifest","metadata":[{"value":"Sterbeandenken gedruckt von J. E. Ried f\u00fcr Franz Diess, Privatier in Oberndorf.","label":"Beschreibung"},{"value":"Schwarzbach, Josef","label":"Sammler:in"},{"value":"Diess, Franz","label":"Beteiligt"},{"value":"Ried, J. E.","label":"Druck"},{"value":"Laufen an der Salzach (Druckort)   ; 1895 (datiert)","label":"Entstehung"},{"value":"Papier","label":"Material"},{"value":"gedruckt (Sterbeandenken) ; Farblithografie","label":"Technik"},{"value":"H: 10,8 cm B: 7,2 cm","label":"Abmessungen"},{"value":"Objekt","label":"Objekttyp"},{"value":"Sterbeandenken","label":"Objektart"},{"value":"Schwarzbach, Josef: Todtendichtung. In: Zeitschrift f\u00fcr \u00f6sterreichische Volkskunde 2/1896, S. 180-182.\r\ro.A.: Josef Schwarzbach \u2020. In: Zeitschrift f\u00fcr \u00f6sterreichische Volkskunde 3/1897, S. 23.\r\rPetak, Arthur (Hg.): Todtendichtung II. Aus dem Nachlasse Josef Schwarzbach's, herausgegeben von Dr. Arthur Petak, Klagenfurt. In: Zeitschrift f\u00fcr \u00f6sterreichische Volkskunde 5/1899, S. 162-172.\r\rPetak, Arthur (Hg.): Todtendichtung II. (Schluss). Aus dem Nachlasse Josef Schwarzbach's, herausgegeben von Dr. Arthur Petak, Klagenfurt. In: Zeitschrift f\u00fcr \u00f6sterreichische Volkskunde 5/1899, S. 260-269.","label":"Weiterf\u00fchrende Informationen"},{"value":"\u00d6MV/10107","label":"Inventarnummer"},{"value":"Christliches Andenken an den ehrengeachteten Herrn\rFranz Diess,\rPrivatier in Oberndorf,\rwelcher nach l\u00e4ngerer Krankheit, versehen mit allen hl.  Sterbsakramenten am 15. September 1895 im Alter von 63 Jahren selig im Herrn verschieden ist.","label":"Inschrift / Aufschrift"},{"value":"Schenkung","label":"Erwerbungsart"}]}