{"viewingHint":"paged","service":[],"structures":[{"ranges":["https://sammlung.volkskundemuseum.at/i3f/v20/271092/range/273046","https://sammlung.volkskundemuseum.at/i3f/v20/271092/range/273047"],"viewingHint":"top","@id":"https://sammlung.volkskundemuseum.at/i3f/v20/271092/range/271092","@type":"sc:Range","label":"Table of Contents"},{"canvases":["https://sammlung.volkskundemuseum.at/i3f/v20/271092/canvas/274982"],"@id":"https://sammlung.volkskundemuseum.at/i3f/v20/271092/range/273046","@type":"sc:Range","label":"dig/35699: Volkskundemuseum Wien"},{"canvases":["https://sammlung.volkskundemuseum.at/i3f/v20/271092/canvas/274983"],"@id":"https://sammlung.volkskundemuseum.at/i3f/v20/271092/range/273047","@type":"sc:Range","label":"dig/35700: Volkskundemuseum Wien"}],"sequences":[{"canvases":[{"height":2180,"width":3569,"images":[{"resource":{"service":{"profile":"http://iiif.io/api/image/2/level2.json","@context":"http://iiif.io/api/image/2/context.json","@id":"https://sammlung.volkskundemuseum.at/i3f/v20/274982"},"format":"image/jpeg","height":610,"width":1000,"@id":"https://sammlung.volkskundemuseum.at/download/webcache/1000/274982","@type":"dctypes:Image"},"on":"https://sammlung.volkskundemuseum.at/i3f/v20/271092/canvas/274982","motivation":"sc:painting","@id":"https://sammlung.volkskundemuseum.at/i3f/v20/271092/annotation/274982","@type":"oa:Annotation"}],"label":"[1]","@id":"https://sammlung.volkskundemuseum.at/i3f/v20/271092/canvas/274982","@type":"sc:Canvas"},{"height":1090,"width":1785,"images":[{"resource":{"service":{"profile":"http://iiif.io/api/image/2/level2.json","@context":"http://iiif.io/api/image/2/context.json","@id":"https://sammlung.volkskundemuseum.at/i3f/v20/274983"},"format":"image/jpeg","height":610,"width":1000,"@id":"https://sammlung.volkskundemuseum.at/download/webcache/1000/274983","@type":"dctypes:Image"},"on":"https://sammlung.volkskundemuseum.at/i3f/v20/271092/canvas/274983","motivation":"sc:painting","@id":"https://sammlung.volkskundemuseum.at/i3f/v20/271092/annotation/274983","@type":"oa:Annotation"}],"label":"[2]","@id":"https://sammlung.volkskundemuseum.at/i3f/v20/271092/canvas/274983","@type":"sc:Canvas"}],"viewingHint":"paged","startCanvas":"https://sammlung.volkskundemuseum.at/i3f/v20/271092/canvas/274982","viewingDirection":"left-to-right","label":"Current Page Order","@context":"http://iiif.io/api/presentation/2/context.json","@id":"https://sammlung.volkskundemuseum.at/i3f/v20/271092/sequence/normal","@type":"sc:Sequence"}],"label":"pos/62397: Positiv: umgest\u00fcrzter Menhir bei Carnac, Bretagne, Frankreich","thumbnail":{"width":304,"height":185,"@id":"https://sammlung.volkskundemuseum.at/i3f/v21/274982/full/304/0/default.jpg","@type":"dctypes:Image","format":"image/jpeg"},"logo":{"@id":"https://sammlung.volkskundemuseum.at/domainresource/static/graphics/connectors/viewerLogo.gif","service":{"profile":"http://iiif.io/api/image/2/level2.json","@context":"http://iiif.io/api/image/2/context.json","@id":""}},"@context":"http://iiif.io/api/presentation/2/context.json","seeAlso":{"format":"application/xml","@id":"https://sammlung.volkskundemuseum.at/oai?verb=GetRecord&metadataPrefix=mets&identifier=271092","label":"METS"},"@id":"https://sammlung.volkskundemuseum.at/i3f/v20/271092/manifest","@type":"sc:Manifest","metadata":[{"value":"Positiv Kontaktabzug. Abgebildet Menhire, bewachsen, in Nahaufnahme.","label":"Beschreibung"},{"value":"Trebitsch, Rudolf","label":"Fotograf:in"},{"value":"Carnac (Aufnahmeort)  ; Bretagne (Region) (Aufnahmeort)   ; Frankreich (Aufnahmeort)   ; 1907 - 1911 (Aufnahmedatum)","label":"Entstehung"},{"value":"Papier, Fotografie","label":"Material"},{"value":"Silbergelatineabzug","label":"Technik"},{"value":"Querformat","label":"Format"},{"value":"H: 9,1 cm B: 15,4 cm","label":"Abmessungen"},{"value":"Objekt","label":"Objekttyp"},{"value":"Positiv, schwarz-wei\u00df","label":"Objektart"},{"value":"pos/62397","label":"Inventarnummer"},{"value":"[neg/13614] - Negativ: umgest\u00fcrzter Menhir bei Carnac, Bretagne, Frankreich","label":"\u00c4hnliche Objekte"},{"value":"pos 62397 // 6. // Umgest\u00fcrzter Menhir bei Carnac.","label":"Inschrift / Aufschrift"},{"value":"Legat","label":"Erwerbungsart"}]}