{"viewingHint":"paged","service":[],"structures":[{"ranges":["https://sammlung.volkskundemuseum.at/i3f/v20/270885/range/272599","https://sammlung.volkskundemuseum.at/i3f/v20/270885/range/272600"],"viewingHint":"top","@id":"https://sammlung.volkskundemuseum.at/i3f/v20/270885/range/270885","@type":"sc:Range","label":"Table of Contents"},{"canvases":["https://sammlung.volkskundemuseum.at/i3f/v20/270885/canvas/274571"],"@id":"https://sammlung.volkskundemuseum.at/i3f/v20/270885/range/272599","@type":"sc:Range","label":"dig/35310: Volkskundemuseum Wien"},{"canvases":["https://sammlung.volkskundemuseum.at/i3f/v20/270885/canvas/274572"],"@id":"https://sammlung.volkskundemuseum.at/i3f/v20/270885/range/272600","@type":"sc:Range","label":"dig/35311: Volkskundemuseum Wien"}],"sequences":[{"canvases":[{"height":3460,"width":2748,"images":[{"resource":{"service":{"profile":"http://iiif.io/api/image/2/level2.json","@context":"http://iiif.io/api/image/2/context.json","@id":"https://sammlung.volkskundemuseum.at/i3f/v20/274571"},"format":"image/jpeg","height":1259,"width":1000,"@id":"https://sammlung.volkskundemuseum.at/download/webcache/1000/274571","@type":"dctypes:Image"},"on":"https://sammlung.volkskundemuseum.at/i3f/v20/270885/canvas/274571","motivation":"sc:painting","@id":"https://sammlung.volkskundemuseum.at/i3f/v20/270885/annotation/274571","@type":"oa:Annotation"}],"label":"[1]","@id":"https://sammlung.volkskundemuseum.at/i3f/v20/270885/canvas/274571","@type":"sc:Canvas"},{"height":3521,"width":2564,"images":[{"resource":{"service":{"profile":"http://iiif.io/api/image/2/level2.json","@context":"http://iiif.io/api/image/2/context.json","@id":"https://sammlung.volkskundemuseum.at/i3f/v20/274572"},"format":"image/jpeg","height":1373,"width":1000,"@id":"https://sammlung.volkskundemuseum.at/download/webcache/1000/274572","@type":"dctypes:Image"},"on":"https://sammlung.volkskundemuseum.at/i3f/v20/270885/canvas/274572","motivation":"sc:painting","@id":"https://sammlung.volkskundemuseum.at/i3f/v20/270885/annotation/274572","@type":"oa:Annotation"}],"label":"[2]","@id":"https://sammlung.volkskundemuseum.at/i3f/v20/270885/canvas/274572","@type":"sc:Canvas"}],"viewingHint":"paged","startCanvas":"https://sammlung.volkskundemuseum.at/i3f/v20/270885/canvas/274571","viewingDirection":"left-to-right","label":"Current Page Order","@context":"http://iiif.io/api/presentation/2/context.json","@id":"https://sammlung.volkskundemuseum.at/i3f/v20/270885/sequence/normal","@type":"sc:Sequence"}],"label":"pos/1819: Positiv: gusseiserne Platte eines niederdeutschen Beilegerofens, Norddeutschland","thumbnail":{"width":304,"height":382,"@id":"https://sammlung.volkskundemuseum.at/i3f/v21/274571/full/304/0/default.jpg","@type":"dctypes:Image","format":"image/jpeg"},"logo":{"@id":"https://sammlung.volkskundemuseum.at/domainresource/static/graphics/connectors/viewerLogo.gif","service":{"profile":"http://iiif.io/api/image/2/level2.json","@context":"http://iiif.io/api/image/2/context.json","@id":""}},"@context":"http://iiif.io/api/presentation/2/context.json","seeAlso":{"format":"application/xml","@id":"https://sammlung.volkskundemuseum.at/oai?verb=GetRecord&metadataPrefix=mets&identifier=270885","label":"METS"},"@id":"https://sammlung.volkskundemuseum.at/i3f/v20/270885/manifest","@type":"sc:Manifest","metadata":[{"value":"Positiv auf Untersatzkarton auf Archivkarton A4. Eine der gusseisernen Platten, aus denen der Beilegerofen, auch Bilegger oder Biliier (friesisch), zusammengesetzt ist. Darauf Relief mit L\u00f6we, Schwert und B\u00fcndel aus sieben Pfeilen, altes niederl\u00e4ndisches Wappen. Darunter der Text \"Eendracht Maeckt Macht 1686\". [\u00dcbersetzung von \"Eendracht Maakt Macht\" ist Einigkeit macht stark].","label":"Beschreibung"},{"value":"Trebitsch, Rudolf","label":"Fotograf:in"},{"value":"Hamburg (Aufnahmeort)   ; vor 1911 (Aufnahmedatum)","label":"Entstehung"},{"value":"Papier, Fotografie ; Untersatzkarton, Fotografie ; Archivkarton, Fotografie","label":"Material"},{"value":"Silbergelatineabzug auf DOP-Gelatinesilberpapier Barytpapier","label":"Technik"},{"value":"Hochformat","label":"Format"},{"value":"Foto: H: 10,2 cm B: 7,8 cm Untersatzkarton: H: 14 cm B: 11 cm Archivkarton A4","label":"Abmessungen"},{"value":"Objekt","label":"Objekttyp"},{"value":"Positiv, schwarz-wei\u00df auf Untersatzkarton auf Archivkarton","label":"Objektart"},{"value":"pos/1819","label":"Inventarnummer"},{"value":"1819 /// dat. 1686. /// Gu\u00dfeiserne Platte eines niederdeutschen Beilegeofens. // 1819","label":"Inschrift / Aufschrift"},{"value":"Schenkung","label":"Erwerbungsart"}]}