{"viewingHint":"paged","service":[],"structures":[{"ranges":["https://sammlung.volkskundemuseum.at/i3f/v20/270423/range/271988","https://sammlung.volkskundemuseum.at/i3f/v20/270423/range/271989"],"viewingHint":"top","@id":"https://sammlung.volkskundemuseum.at/i3f/v20/270423/range/270423","@type":"sc:Range","label":"Table of Contents"},{"canvases":["https://sammlung.volkskundemuseum.at/i3f/v20/270423/canvas/274027"],"@id":"https://sammlung.volkskundemuseum.at/i3f/v20/270423/range/271988","@type":"sc:Range","label":"dig/35154: Volkskundemuseum Wien"},{"canvases":["https://sammlung.volkskundemuseum.at/i3f/v20/270423/canvas/274028"],"@id":"https://sammlung.volkskundemuseum.at/i3f/v20/270423/range/271989","@type":"sc:Range","label":"dig/35155: Volkskundemuseum Wien"}],"sequences":[{"canvases":[{"height":4154,"width":4200,"images":[{"resource":{"service":{"profile":"http://iiif.io/api/image/2/level2.json","@context":"http://iiif.io/api/image/2/context.json","@id":"https://sammlung.volkskundemuseum.at/i3f/v20/274027"},"format":"image/jpeg","height":989,"width":1000,"@id":"https://sammlung.volkskundemuseum.at/download/webcache/1000/274027","@type":"dctypes:Image"},"on":"https://sammlung.volkskundemuseum.at/i3f/v20/270423/canvas/274027","motivation":"sc:painting","@id":"https://sammlung.volkskundemuseum.at/i3f/v20/270423/annotation/274027","@type":"oa:Annotation"}],"label":"[1]","@id":"https://sammlung.volkskundemuseum.at/i3f/v20/270423/canvas/274027","@type":"sc:Canvas"},{"height":2104,"width":2116,"images":[{"resource":{"service":{"profile":"http://iiif.io/api/image/2/level2.json","@context":"http://iiif.io/api/image/2/context.json","@id":"https://sammlung.volkskundemuseum.at/i3f/v20/274028"},"format":"image/jpeg","height":994,"width":1000,"@id":"https://sammlung.volkskundemuseum.at/download/webcache/1000/274028","@type":"dctypes:Image"},"on":"https://sammlung.volkskundemuseum.at/i3f/v20/270423/canvas/274028","motivation":"sc:painting","@id":"https://sammlung.volkskundemuseum.at/i3f/v20/270423/annotation/274028","@type":"oa:Annotation"}],"label":"[2]","@id":"https://sammlung.volkskundemuseum.at/i3f/v20/270423/canvas/274028","@type":"sc:Canvas"}],"viewingHint":"paged","startCanvas":"https://sammlung.volkskundemuseum.at/i3f/v20/270423/canvas/274027","viewingDirection":"left-to-right","label":"Current Page Order","@context":"http://iiif.io/api/presentation/2/context.json","@id":"https://sammlung.volkskundemuseum.at/i3f/v20/270423/sequence/normal","@type":"sc:Sequence"}],"label":"dia/19571/011: Diapositiv: Gr\u00f6nlandreise Rudolf Trebitsch und Gustav Stiasny 1906: M\u00e4nner und Kinder, Upernavik","thumbnail":{"width":304,"height":300,"@id":"https://sammlung.volkskundemuseum.at/i3f/v21/274027/full/304/0/default.jpg","@type":"dctypes:Image","format":"image/jpeg"},"logo":{"@id":"https://sammlung.volkskundemuseum.at/domainresource/static/graphics/connectors/viewerLogo.gif","service":{"profile":"http://iiif.io/api/image/2/level2.json","@context":"http://iiif.io/api/image/2/context.json","@id":""}},"@context":"http://iiif.io/api/presentation/2/context.json","seeAlso":{"format":"application/xml","@id":"https://sammlung.volkskundemuseum.at/oai?verb=GetRecord&metadataPrefix=mets&identifier=270423","label":"METS"},"@id":"https://sammlung.volkskundemuseum.at/i3f/v20/270423/manifest","@type":"sc:Manifest","metadata":[{"value":"Glasdiapositiv gerahmt, mit schwarzen Papierstreifen umklebt. Abgebildet mehrere M\u00e4nner und zwei Kleinkinder, die in die Kamera blicken. Ein Kleinkind steht in der Mitte des Bildes. Ein \u00e4lterer Mann sitzt neben ihm auf einem Stein.","label":"Beschreibung"},{"value":"unbekannt","label":"Fotograf:in"},{"value":"Trebitsch, Rudolf","label":"Beteiligt"},{"value":"Kalaallit Nunaat (Gr\u00f6nland) (Aufnahmeort Vorlage)   ; Upernavik (Aufnahmeort Vorlage)   ; [Wien?] (Aufnahmeort)   ; 1906 (Aufnahmedatum Vorlage) ; 1906-1908 (Aufnahmedatum)","label":"Entstehung"},{"value":"Wien (Verwendungsort)   ; 09.09.1908-14.09.1908","label":"Verwendung"},{"value":"Glas, Fotografie ; Papierstreifen","label":"Material"},{"value":"Diapositivverfahren schwarz-wei\u00df","label":"Technik"},{"value":"quadratisch","label":"Format"},{"value":"H: 8,2 cm B: 8,2 cm","label":"Abmessungen"},{"value":"Objekt","label":"Objekttyp"},{"value":"Diapositiv, schwarz-wei\u00df","label":"Objektart"},{"value":"Rudolf Trebitsch verwendete die Glasdiapositive f\u00fcr Vortr\u00e4ge. W\u00e4hrend des 16. Amerikanisten-Kongresses in Wien von 9. bis 14. September 1908 hielt er \"unter Vorf\u00fchrung von Lichtbildern\" beispielsweise den Vortrag \"Ethnographisches von meiner Gr\u00f6nlandreise im Sommer 1906\".\r\rTrebitsch, Rudolf: Bei den Eskimos in Westgr\u00f6nland. Ergebnisse einer Sommerreise im Jahre 1906. Berlin 1910.","label":"Weiterf\u00fchrende Informationen"},{"value":"dia/19571/011","label":"Inventarnummer"},{"value":"Gr\u00f6nlandreise Rudolf Trebitsch und Gustav Stiasny 1906","label":"Abgebildetes Ereignis"},{"value":"[neg/15026] - Negativ: Gr\u00f6nlandreise Rudolf Trebitsch und Gustav Stiasny 1906: M\u00e4nner und Kinder, Upernavik","label":"\u00c4hnliche Objekte"},{"value":"recto: 23. Kind Upanivik (Leute) [(Leute) durchgestrichen] Gr\u00f6nl\u00e4nder\rverso: CCC 11","label":"Inschrift / Aufschrift"},{"value":"Legat","label":"Erwerbungsart"}]}