{"viewingHint":"paged","service":[],"structures":[{"ranges":["https://sammlung.volkskundemuseum.at/i3f/v20/270416/range/271973","https://sammlung.volkskundemuseum.at/i3f/v20/270416/range/271974"],"viewingHint":"top","@id":"https://sammlung.volkskundemuseum.at/i3f/v20/270416/range/270416","@type":"sc:Range","label":"Table of Contents"},{"canvases":["https://sammlung.volkskundemuseum.at/i3f/v20/270416/canvas/274013"],"@id":"https://sammlung.volkskundemuseum.at/i3f/v20/270416/range/271973","@type":"sc:Range","label":"dig/35140: Volkskundemuseum Wien"},{"canvases":["https://sammlung.volkskundemuseum.at/i3f/v20/270416/canvas/274014"],"@id":"https://sammlung.volkskundemuseum.at/i3f/v20/270416/range/271974","@type":"sc:Range","label":"dig/35141: Volkskundemuseum Wien"}],"sequences":[{"canvases":[{"height":4155,"width":4156,"images":[{"resource":{"service":{"profile":"http://iiif.io/api/image/2/level2.json","@context":"http://iiif.io/api/image/2/context.json","@id":"https://sammlung.volkskundemuseum.at/i3f/v20/274013"},"format":"image/jpeg","height":999,"width":1000,"@id":"https://sammlung.volkskundemuseum.at/download/webcache/1000/274013","@type":"dctypes:Image"},"on":"https://sammlung.volkskundemuseum.at/i3f/v20/270416/canvas/274013","motivation":"sc:painting","@id":"https://sammlung.volkskundemuseum.at/i3f/v20/270416/annotation/274013","@type":"oa:Annotation"}],"label":"[1]","@id":"https://sammlung.volkskundemuseum.at/i3f/v20/270416/canvas/274013","@type":"sc:Canvas"},{"height":2077,"width":2109,"images":[{"resource":{"service":{"profile":"http://iiif.io/api/image/2/level2.json","@context":"http://iiif.io/api/image/2/context.json","@id":"https://sammlung.volkskundemuseum.at/i3f/v20/274014"},"format":"image/jpeg","height":984,"width":1000,"@id":"https://sammlung.volkskundemuseum.at/download/webcache/1000/274014","@type":"dctypes:Image"},"on":"https://sammlung.volkskundemuseum.at/i3f/v20/270416/canvas/274014","motivation":"sc:painting","@id":"https://sammlung.volkskundemuseum.at/i3f/v20/270416/annotation/274014","@type":"oa:Annotation"}],"label":"[2]","@id":"https://sammlung.volkskundemuseum.at/i3f/v20/270416/canvas/274014","@type":"sc:Canvas"}],"viewingHint":"paged","startCanvas":"https://sammlung.volkskundemuseum.at/i3f/v20/270416/canvas/274013","viewingDirection":"left-to-right","label":"Current Page Order","@context":"http://iiif.io/api/presentation/2/context.json","@id":"https://sammlung.volkskundemuseum.at/i3f/v20/270416/sequence/normal","@type":"sc:Sequence"}],"label":"dia/19571/004: Diapositiv: Gr\u00f6nlandreise Rudolf Trebitsch und Gustav Stiasny 1906: das Schiff Hans Egede, Aasiaat","thumbnail":{"width":304,"height":303,"@id":"https://sammlung.volkskundemuseum.at/i3f/v21/274013/full/304/0/default.jpg","@type":"dctypes:Image","format":"image/jpeg"},"logo":{"@id":"https://sammlung.volkskundemuseum.at/domainresource/static/graphics/connectors/viewerLogo.gif","service":{"profile":"http://iiif.io/api/image/2/level2.json","@context":"http://iiif.io/api/image/2/context.json","@id":""}},"@context":"http://iiif.io/api/presentation/2/context.json","seeAlso":{"format":"application/xml","@id":"https://sammlung.volkskundemuseum.at/oai?verb=GetRecord&metadataPrefix=mets&identifier=270416","label":"METS"},"@id":"https://sammlung.volkskundemuseum.at/i3f/v20/270416/manifest","@type":"sc:Manifest","metadata":[{"value":"Glasdiapositiv gerahmt, mit schwarzen Papierstreifen umklebt: Abgebildet ein Schiff (\"Hans Egede\") und ein kleineres Boot auf dem Wasser.","label":"Description"},{"value":"unbekannt","label":"Photographer"},{"value":"Trebitsch, Rudolf","label":"Other"},{"value":"Kalaallit Nunaat (Gr\u00f6nland) (Aufnahmeort Vorlage)   ; Aasiaat (Aufnahmeort Vorlage)  ; [Wien?] (Aufnahmeort)   ; 1906 (Aufnahmedatum Vorlage) ; 1906-1908 (Aufnahmedatum)","label":"Creation"},{"value":"Wien (Verwendungsort)   ; 09.09.1908-14.09.1908","label":"Use"},{"value":"Glas, Fotografie ; Papierstreifen","label":"Material"},{"value":"Diapositivverfahren schwarz-wei\u00df","label":"Technique"},{"value":"quadratisch","label":"Format"},{"value":"H: 8,2 cm B: 8,2 cm","label":"Dimensions"},{"value":"Objekt","label":"Object Category"},{"value":"Diapositiv, schwarz-wei\u00df","label":"Object Name"},{"value":"Rudolf Trebitsch verwendete die Glasdiapositive f\u00fcr Vortr\u00e4ge. W\u00e4hrend des 16. Amerikanisten-Kongresses in Wien von 9. bis 14. September 1908 hielt er \"unter Vorf\u00fchrung von Lichtbildern\" beispielsweise den Vortrag \"Ethnographisches von meiner Gr\u00f6nlandreise im Sommer 1906\".\r\rTrebitsch, Rudolf: Bei den Eskimos in Westgr\u00f6nland. Ergebnisse einer Sommerreise im Jahre 1906. Berlin 1910.","label":"Further Information"},{"value":"dia/19571/004","label":"Inventory number"},{"value":"Gr\u00f6nlandreise Rudolf Trebitsch und Gustav Stiasny 1906","label":"Depicted Event"},{"value":"[pos/62474] - Positiv in Fotoalbum Band I: Gr\u00f6nlandreise Rudolf Trebitsch und Gustav Stiasny 1906: das Schiff Hans Egede, Aasiaat","label":"Related Objects"},{"value":"recto: 14. \"Hans Egede\", Egedesminde.\rverso: CCC 4","label":"Inscription"},{"value":"Legat","label":"Acquisition type"}]}