{"viewingHint":"paged","service":[],"structures":[{"ranges":["https://sammlung.volkskundemuseum.at/i3f/v20/270402/range/271931","https://sammlung.volkskundemuseum.at/i3f/v20/270402/range/271932","https://sammlung.volkskundemuseum.at/i3f/v20/270402/range/271933"],"viewingHint":"top","@id":"https://sammlung.volkskundemuseum.at/i3f/v20/270402/range/270402","@type":"sc:Range","label":"Table of Contents"},{"canvases":["https://sammlung.volkskundemuseum.at/i3f/v20/270402/canvas/273976"],"@id":"https://sammlung.volkskundemuseum.at/i3f/v20/270402/range/271931","@type":"sc:Range","label":"dig/35103: Volkskundemuseum Wien"},{"canvases":["https://sammlung.volkskundemuseum.at/i3f/v20/270402/canvas/273977"],"@id":"https://sammlung.volkskundemuseum.at/i3f/v20/270402/range/271932","@type":"sc:Range","label":"dig/35104: Volkskundemuseum Wien"},{"canvases":["https://sammlung.volkskundemuseum.at/i3f/v20/270402/canvas/273978"],"@id":"https://sammlung.volkskundemuseum.at/i3f/v20/270402/range/271933","@type":"sc:Range","label":"dig/35105: Volkskundemuseum Wien"}],"sequences":[{"canvases":[{"height":4143,"width":4147,"images":[{"resource":{"service":{"profile":"http://iiif.io/api/image/2/level2.json","@context":"http://iiif.io/api/image/2/context.json","@id":"https://sammlung.volkskundemuseum.at/i3f/v20/273976"},"format":"image/jpeg","height":999,"width":1000,"@id":"https://sammlung.volkskundemuseum.at/download/webcache/1000/273976","@type":"dctypes:Image"},"on":"https://sammlung.volkskundemuseum.at/i3f/v20/270402/canvas/273976","motivation":"sc:painting","@id":"https://sammlung.volkskundemuseum.at/i3f/v20/270402/annotation/273976","@type":"oa:Annotation"}],"label":"[1]","@id":"https://sammlung.volkskundemuseum.at/i3f/v20/270402/canvas/273976","@type":"sc:Canvas"},{"height":2108,"width":2109,"images":[{"resource":{"service":{"profile":"http://iiif.io/api/image/2/level2.json","@context":"http://iiif.io/api/image/2/context.json","@id":"https://sammlung.volkskundemuseum.at/i3f/v20/273977"},"format":"image/jpeg","height":999,"width":1000,"@id":"https://sammlung.volkskundemuseum.at/download/webcache/1000/273977","@type":"dctypes:Image"},"on":"https://sammlung.volkskundemuseum.at/i3f/v20/270402/canvas/273977","motivation":"sc:painting","@id":"https://sammlung.volkskundemuseum.at/i3f/v20/270402/annotation/273977","@type":"oa:Annotation"}],"label":"[2]","@id":"https://sammlung.volkskundemuseum.at/i3f/v20/270402/canvas/273977","@type":"sc:Canvas"},{"height":2076,"width":2093,"images":[{"resource":{"service":{"profile":"http://iiif.io/api/image/2/level2.json","@context":"http://iiif.io/api/image/2/context.json","@id":"https://sammlung.volkskundemuseum.at/i3f/v20/273978"},"format":"image/jpeg","height":991,"width":1000,"@id":"https://sammlung.volkskundemuseum.at/download/webcache/1000/273978","@type":"dctypes:Image"},"on":"https://sammlung.volkskundemuseum.at/i3f/v20/270402/canvas/273978","motivation":"sc:painting","@id":"https://sammlung.volkskundemuseum.at/i3f/v20/270402/annotation/273978","@type":"oa:Annotation"}],"label":"[3]","@id":"https://sammlung.volkskundemuseum.at/i3f/v20/270402/canvas/273978","@type":"sc:Canvas"}],"viewingHint":"paged","startCanvas":"https://sammlung.volkskundemuseum.at/i3f/v20/270402/canvas/273976","viewingDirection":"left-to-right","label":"Current Page Order","@context":"http://iiif.io/api/presentation/2/context.json","@id":"https://sammlung.volkskundemuseum.at/i3f/v20/270402/sequence/normal","@type":"sc:Sequence"}],"label":"dia/560: Diapositiv: Flechtk\u00f6rbe, baskisch","thumbnail":{"width":304,"height":303,"@id":"https://sammlung.volkskundemuseum.at/i3f/v21/273976/full/304/0/default.jpg","@type":"dctypes:Image","format":"image/jpeg"},"logo":{"@id":"https://sammlung.volkskundemuseum.at/domainresource/static/graphics/connectors/viewerLogo.gif","service":{"profile":"http://iiif.io/api/image/2/level2.json","@context":"http://iiif.io/api/image/2/context.json","@id":""}},"@context":"http://iiif.io/api/presentation/2/context.json","seeAlso":{"format":"application/xml","@id":"https://sammlung.volkskundemuseum.at/oai?verb=GetRecord&metadataPrefix=mets&identifier=270402","label":"METS"},"@id":"https://sammlung.volkskundemuseum.at/i3f/v20/270402/manifest","@type":"sc:Manifest","metadata":[{"value":"Glasdiapositiv gerahmt, mit schwarzen Papierstreifen umklebt, Reproduktion einer Grafik, eindeutig als zum Bestand A\u00d6MV/2859 - A\u00d6MV/2872 (Geschenk R. Trebitsch 1915) zugeh\u00f6rig identifiziert, aber noch nicht aufgefunden. Abgebildet sind gezeichnete geflochtene Beh\u00e4lter, mit und ohne Henkel, vermutlich aus dem Sammlungsbestand.","label":"Beschreibung"},{"value":"[Trebitsch, Rudolf?]","label":"Fotograf:in"},{"value":"unbekannt","label":"Beteiligt"},{"value":"Trebitsch, Rudolf","label":"Beteiligt"},{"value":"[Wien?] (Herstellungsort Vorlage)   ; [Wien?] (Aufnahmeort)   ; um 1915 (Aufnahmedatum) ; um 1915 (Vorlage)","label":"Entstehung"},{"value":"Wien 1., Wiener Urania (Verwendungsort)  ; um 1915","label":"Verwendung"},{"value":"Glas, Fotografie ; Papierstreifen","label":"Material"},{"value":"Diapositivverfahren schwarz-wei\u00df","label":"Technik"},{"value":"quadratisch","label":"Format"},{"value":"H: 8,4 cm B: 8,2 cm","label":"Abmessungen"},{"value":"Objekt","label":"Objekttyp"},{"value":"Glasdiapositiv, schwarz-wei\u00df","label":"Objektart"},{"value":"dia/560","label":"Inventarnummer"},{"value":"recto: B 560 12 Wiener 560 Urania V. // QQ II 8 \rverso: 12  Saatkorb? und Korbschachtel. Baskisch","label":"Inschrift / Aufschrift"},{"value":"Legat","label":"Erwerbungsart"}]}