{"viewingHint":"paged","service":[],"structures":[{"ranges":["https://sammlung.volkskundemuseum.at/i3f/v20/270398/range/271919","https://sammlung.volkskundemuseum.at/i3f/v20/270398/range/271920","https://sammlung.volkskundemuseum.at/i3f/v20/270398/range/271921"],"viewingHint":"top","@id":"https://sammlung.volkskundemuseum.at/i3f/v20/270398/range/270398","@type":"sc:Range","label":"Table of Contents"},{"canvases":["https://sammlung.volkskundemuseum.at/i3f/v20/270398/canvas/273964"],"@id":"https://sammlung.volkskundemuseum.at/i3f/v20/270398/range/271919","@type":"sc:Range","label":"dig/35091: Volkskundemuseum Wien"},{"canvases":["https://sammlung.volkskundemuseum.at/i3f/v20/270398/canvas/273965"],"@id":"https://sammlung.volkskundemuseum.at/i3f/v20/270398/range/271920","@type":"sc:Range","label":"dig/35092: Volkskundemuseum Wien"},{"canvases":["https://sammlung.volkskundemuseum.at/i3f/v20/270398/canvas/273966"],"@id":"https://sammlung.volkskundemuseum.at/i3f/v20/270398/range/271921","@type":"sc:Range","label":"dig/35093: Volkskundemuseum Wien"}],"sequences":[{"canvases":[{"height":4112,"width":4188,"images":[{"resource":{"service":{"profile":"http://iiif.io/api/image/2/level2.json","@context":"http://iiif.io/api/image/2/context.json","@id":"https://sammlung.volkskundemuseum.at/i3f/v20/273964"},"format":"image/jpeg","height":981,"width":1000,"@id":"https://sammlung.volkskundemuseum.at/download/webcache/1000/273964","@type":"dctypes:Image"},"on":"https://sammlung.volkskundemuseum.at/i3f/v20/270398/canvas/273964","motivation":"sc:painting","@id":"https://sammlung.volkskundemuseum.at/i3f/v20/270398/annotation/273964","@type":"oa:Annotation"}],"label":"[1]","@id":"https://sammlung.volkskundemuseum.at/i3f/v20/270398/canvas/273964","@type":"sc:Canvas"},{"height":2095,"width":2123,"images":[{"resource":{"service":{"profile":"http://iiif.io/api/image/2/level2.json","@context":"http://iiif.io/api/image/2/context.json","@id":"https://sammlung.volkskundemuseum.at/i3f/v20/273965"},"format":"image/jpeg","height":986,"width":1000,"@id":"https://sammlung.volkskundemuseum.at/download/webcache/1000/273965","@type":"dctypes:Image"},"on":"https://sammlung.volkskundemuseum.at/i3f/v20/270398/canvas/273965","motivation":"sc:painting","@id":"https://sammlung.volkskundemuseum.at/i3f/v20/270398/annotation/273965","@type":"oa:Annotation"}],"label":"[2]","@id":"https://sammlung.volkskundemuseum.at/i3f/v20/270398/canvas/273965","@type":"sc:Canvas"},{"height":2083,"width":2109,"images":[{"resource":{"service":{"profile":"http://iiif.io/api/image/2/level2.json","@context":"http://iiif.io/api/image/2/context.json","@id":"https://sammlung.volkskundemuseum.at/i3f/v20/273966"},"format":"image/jpeg","height":987,"width":1000,"@id":"https://sammlung.volkskundemuseum.at/download/webcache/1000/273966","@type":"dctypes:Image"},"on":"https://sammlung.volkskundemuseum.at/i3f/v20/270398/canvas/273966","motivation":"sc:painting","@id":"https://sammlung.volkskundemuseum.at/i3f/v20/270398/annotation/273966","@type":"oa:Annotation"}],"label":"[3]","@id":"https://sammlung.volkskundemuseum.at/i3f/v20/270398/canvas/273966","@type":"sc:Canvas"}],"viewingHint":"paged","startCanvas":"https://sammlung.volkskundemuseum.at/i3f/v20/270398/canvas/273964","viewingDirection":"left-to-right","label":"Current Page Order","@context":"http://iiif.io/api/presentation/2/context.json","@id":"https://sammlung.volkskundemuseum.at/i3f/v20/270398/sequence/normal","@type":"sc:Sequence"}],"label":"dia/556: Diapositiv: Ger\u00e4te zur Flachsbereitung, baskisch","thumbnail":{"width":304,"height":298,"@id":"https://sammlung.volkskundemuseum.at/i3f/v21/273964/full/304/0/default.jpg","@type":"dctypes:Image","format":"image/jpeg"},"logo":{"@id":"https://sammlung.volkskundemuseum.at/domainresource/static/graphics/connectors/viewerLogo.gif","service":{"profile":"http://iiif.io/api/image/2/level2.json","@context":"http://iiif.io/api/image/2/context.json","@id":""}},"@context":"http://iiif.io/api/presentation/2/context.json","seeAlso":{"format":"application/xml","@id":"https://sammlung.volkskundemuseum.at/oai?verb=GetRecord&metadataPrefix=mets&identifier=270398","label":"METS"},"@id":"https://sammlung.volkskundemuseum.at/i3f/v20/270398/manifest","@type":"sc:Manifest","metadata":[{"value":"Glasdiapositiv gerahmt, mit schwarzen Papierstreifen umklebt, Reproduktion einer Grafik aus dem Sammlungsbestand. Abgebildet sind gezeichnete meist l\u00e4ngliche Objekte. Laut Grafik und Objektbeschreibungen Ger\u00e4te f\u00fcr die Spinnarbeit und Garnverarbeitung, aus dem Sammlungsbestand.","label":"Beschreibung"},{"value":"[Trebitsch, Rudolf?]","label":"Fotograf:in"},{"value":"unbekannt","label":"Beteiligt"},{"value":"Trebitsch, Rudolf","label":"Beteiligt"},{"value":"[Wien?] (Herstellungsort Vorlage)   ; [Wien?] (Aufnahmeort)   ; um 1915 (Aufnahmedatum) ; um 1915 (Vorlage)","label":"Entstehung"},{"value":"Wien 1., Wiener Urania (Verwendungsort)  ; um 1915","label":"Verwendung"},{"value":"Glas, Fotografie ; Papierstreifen","label":"Material"},{"value":"Diapositivverfahren schwarz-wei\u00df","label":"Technik"},{"value":"quadratisch","label":"Format"},{"value":"H: 8,3 cm B: 8,4 cm","label":"Abmessungen"},{"value":"Objekt","label":"Objekttyp"},{"value":"Glasdiapositiv, schwarz-wei\u00df","label":"Objektart"},{"value":"dia/556","label":"Inventarnummer"},{"value":"recto: B 556 Wiener 8 Urania V. // QQ II 4 \rverso: Ger\u00e4te zur Flachsbereitung (Baskisch)","label":"Inschrift / Aufschrift"},{"value":"Legat","label":"Erwerbungsart"}]}