{"viewingHint":"paged","service":[],"structures":[{"ranges":["https://sammlung.volkskundemuseum.at/i3f/v20/270393/range/271904","https://sammlung.volkskundemuseum.at/i3f/v20/270393/range/271905","https://sammlung.volkskundemuseum.at/i3f/v20/270393/range/271906"],"viewingHint":"top","@id":"https://sammlung.volkskundemuseum.at/i3f/v20/270393/range/270393","@type":"sc:Range","label":"Table of Contents"},{"canvases":["https://sammlung.volkskundemuseum.at/i3f/v20/270393/canvas/273949"],"@id":"https://sammlung.volkskundemuseum.at/i3f/v20/270393/range/271904","@type":"sc:Range","label":"dig/35076: Volkskundemuseum Wien"},{"canvases":["https://sammlung.volkskundemuseum.at/i3f/v20/270393/canvas/273950"],"@id":"https://sammlung.volkskundemuseum.at/i3f/v20/270393/range/271905","@type":"sc:Range","label":"dig/35077: Volkskundemuseum Wien"},{"canvases":["https://sammlung.volkskundemuseum.at/i3f/v20/270393/canvas/273951"],"@id":"https://sammlung.volkskundemuseum.at/i3f/v20/270393/range/271906","@type":"sc:Range","label":"dig/35078: Volkskundemuseum Wien"}],"sequences":[{"canvases":[{"height":4129,"width":4178,"images":[{"resource":{"service":{"profile":"http://iiif.io/api/image/2/level2.json","@context":"http://iiif.io/api/image/2/context.json","@id":"https://sammlung.volkskundemuseum.at/i3f/v20/273949"},"format":"image/jpeg","height":988,"width":1000,"@id":"https://sammlung.volkskundemuseum.at/download/webcache/1000/273949","@type":"dctypes:Image"},"on":"https://sammlung.volkskundemuseum.at/i3f/v20/270393/canvas/273949","motivation":"sc:painting","@id":"https://sammlung.volkskundemuseum.at/i3f/v20/270393/annotation/273949","@type":"oa:Annotation"}],"label":"[1]","@id":"https://sammlung.volkskundemuseum.at/i3f/v20/270393/canvas/273949","@type":"sc:Canvas"},{"height":2082,"width":2108,"images":[{"resource":{"service":{"profile":"http://iiif.io/api/image/2/level2.json","@context":"http://iiif.io/api/image/2/context.json","@id":"https://sammlung.volkskundemuseum.at/i3f/v20/273950"},"format":"image/jpeg","height":987,"width":1000,"@id":"https://sammlung.volkskundemuseum.at/download/webcache/1000/273950","@type":"dctypes:Image"},"on":"https://sammlung.volkskundemuseum.at/i3f/v20/270393/canvas/273950","motivation":"sc:painting","@id":"https://sammlung.volkskundemuseum.at/i3f/v20/270393/annotation/273950","@type":"oa:Annotation"}],"label":"[2]","@id":"https://sammlung.volkskundemuseum.at/i3f/v20/270393/canvas/273950","@type":"sc:Canvas"},{"height":2078,"width":2102,"images":[{"resource":{"service":{"profile":"http://iiif.io/api/image/2/level2.json","@context":"http://iiif.io/api/image/2/context.json","@id":"https://sammlung.volkskundemuseum.at/i3f/v20/273951"},"format":"image/jpeg","height":988,"width":1000,"@id":"https://sammlung.volkskundemuseum.at/download/webcache/1000/273951","@type":"dctypes:Image"},"on":"https://sammlung.volkskundemuseum.at/i3f/v20/270393/canvas/273951","motivation":"sc:painting","@id":"https://sammlung.volkskundemuseum.at/i3f/v20/270393/annotation/273951","@type":"oa:Annotation"}],"label":"[3]","@id":"https://sammlung.volkskundemuseum.at/i3f/v20/270393/canvas/273951","@type":"sc:Canvas"}],"viewingHint":"paged","startCanvas":"https://sammlung.volkskundemuseum.at/i3f/v20/270393/canvas/273949","viewingDirection":"left-to-right","label":"Current Page Order","@context":"http://iiif.io/api/presentation/2/context.json","@id":"https://sammlung.volkskundemuseum.at/i3f/v20/270393/sequence/normal","@type":"sc:Sequence"}],"label":"dia/551: Diapositiv: Holzgef\u00e4\u00dfe und Tongef\u00e4\u00dfe, baskisch","thumbnail":{"width":304,"height":300,"@id":"https://sammlung.volkskundemuseum.at/i3f/v21/273949/full/304/0/default.jpg","@type":"dctypes:Image","format":"image/jpeg"},"logo":{"@id":"https://sammlung.volkskundemuseum.at/domainresource/static/graphics/connectors/viewerLogo.gif","service":{"profile":"http://iiif.io/api/image/2/level2.json","@context":"http://iiif.io/api/image/2/context.json","@id":""}},"@context":"http://iiif.io/api/presentation/2/context.json","seeAlso":{"format":"application/xml","@id":"https://sammlung.volkskundemuseum.at/oai?verb=GetRecord&metadataPrefix=mets&identifier=270393","label":"METS"},"@id":"https://sammlung.volkskundemuseum.at/i3f/v20/270393/manifest","@type":"sc:Manifest","metadata":[{"value":"Glasdiapositiv gerahmt, mit schwarzen Papierstreifen umklebt, Reproduktion einer Grafik aus dem Sammlungsbestand. Abgebildet sind zw\u00f6lf gezeichnete Gef\u00e4\u00dfe aus dem Sammlungsbestand, wie Holzbecher, Schale, Krug und Doppelhenkelkanne.","label":"Beschreibung"},{"value":"[Trebitsch, Rudolf?]","label":"Fotograf:in"},{"value":"unbekannt","label":"Beteiligt"},{"value":"Trebitsch, Rudolf","label":"Beteiligt"},{"value":"[Wien?] (Herstellungsort Vorlage)   ; [Wien?] (Aufnahmeort)   ; um 1915 (Aufnahmedatum) ; um 1915 (Vorlage)","label":"Entstehung"},{"value":"Wien 1., Wiener Urania (Verwendungsort)  ; um 1915","label":"Verwendung"},{"value":"Glas, Fotografie ; Papierstreifen","label":"Material"},{"value":"Diapositivverfahren schwarz-wei\u00df","label":"Technik"},{"value":"quadratisch","label":"Format"},{"value":"H: 8,3 cm B: 8,3 cm","label":"Abmessungen"},{"value":"Objekt","label":"Objekttyp"},{"value":"Glasdiapositiv, schwarz-wei\u00df","label":"Objektart"},{"value":"dia/551","label":"Inventarnummer"},{"value":"recto: 551. Wiener 3 Urania V. // QQ II 14 \rverso: 3 Holz= und [3] Tongef\u00e4\u00dfe. Baskisch","label":"Inschrift / Aufschrift"},{"value":"Legat","label":"Erwerbungsart"}]}