{"viewingHint":"paged","service":[],"structures":[{"ranges":["https://sammlung.volkskundemuseum.at/i3f/v20/268711/range/269091","https://sammlung.volkskundemuseum.at/i3f/v20/268711/range/269092"],"viewingHint":"top","@id":"https://sammlung.volkskundemuseum.at/i3f/v20/268711/range/268711","@type":"sc:Range","label":"Table of Contents"},{"canvases":["https://sammlung.volkskundemuseum.at/i3f/v20/268711/canvas/269585"],"@id":"https://sammlung.volkskundemuseum.at/i3f/v20/268711/range/269091","@type":"sc:Range","label":"dig/22767: Volkskundemuseum Wien / Foto: Pixelstorm, Wien"},{"canvases":["https://sammlung.volkskundemuseum.at/i3f/v20/268711/canvas/269586"],"@id":"https://sammlung.volkskundemuseum.at/i3f/v20/268711/range/269092","@type":"sc:Range","label":"dig/22768: Volkskundemuseum Wien / Foto: Pixelstorm, Wien"}],"sequences":[{"canvases":[{"height":10527,"width":7244,"images":[{"resource":{"service":{"profile":"http://iiif.io/api/image/2/level2.json","@context":"http://iiif.io/api/image/2/context.json","@id":"https://sammlung.volkskundemuseum.at/i3f/v20/269585"},"format":"image/jpeg","height":1453,"width":1000,"@id":"https://sammlung.volkskundemuseum.at/download/webcache/1000/269585","@type":"dctypes:Image"},"on":"https://sammlung.volkskundemuseum.at/i3f/v20/268711/canvas/269585","motivation":"sc:painting","@id":"https://sammlung.volkskundemuseum.at/i3f/v20/268711/annotation/269585","@type":"oa:Annotation"}],"label":"[1]","@id":"https://sammlung.volkskundemuseum.at/i3f/v20/268711/canvas/269585","@type":"sc:Canvas"},{"height":9140,"width":6386,"images":[{"resource":{"service":{"profile":"http://iiif.io/api/image/2/level2.json","@context":"http://iiif.io/api/image/2/context.json","@id":"https://sammlung.volkskundemuseum.at/i3f/v20/269586"},"format":"image/jpeg","height":1431,"width":1000,"@id":"https://sammlung.volkskundemuseum.at/download/webcache/1000/269586","@type":"dctypes:Image"},"on":"https://sammlung.volkskundemuseum.at/i3f/v20/268711/canvas/269586","motivation":"sc:painting","@id":"https://sammlung.volkskundemuseum.at/i3f/v20/268711/annotation/269586","@type":"oa:Annotation"}],"label":"[2]","@id":"https://sammlung.volkskundemuseum.at/i3f/v20/268711/canvas/269586","@type":"sc:Canvas"}],"viewingHint":"paged","startCanvas":"https://sammlung.volkskundemuseum.at/i3f/v20/268711/canvas/269585","viewingDirection":"left-to-right","label":"Current Page Order","@context":"http://iiif.io/api/presentation/2/context.json","@id":"https://sammlung.volkskundemuseum.at/i3f/v20/268711/sequence/normal","@type":"sc:Sequence"}],"label":"\u00d6MV/67082: Bleistiftzeichnung: Frau in Festtagstracht f\u00fcr das Hochzeitsmahl, St. Christina in Gr\u00f6den, S\u00fcdtirol","thumbnail":{"width":304,"height":441,"@id":"https://sammlung.volkskundemuseum.at/i3f/v21/269585/full/304/0/default.jpg","@type":"dctypes:Image","format":"image/jpeg"},"logo":{"@id":"https://sammlung.volkskundemuseum.at/domainresource/static/graphics/connectors/viewerLogo.gif","service":{"profile":"http://iiif.io/api/image/2/level2.json","@context":"http://iiif.io/api/image/2/context.json","@id":""}},"@context":"http://iiif.io/api/presentation/2/context.json","seeAlso":{"format":"application/xml","@id":"https://sammlung.volkskundemuseum.at/oai?verb=GetRecord&metadataPrefix=mets&identifier=268711","label":"METS"},"@id":"https://sammlung.volkskundemuseum.at/i3f/v20/268711/manifest","@type":"sc:Manifest","metadata":[{"value":"Moser-Piffl, Erna","label":"K\u00fcnstler:in / K\u00fcnstlergruppe / Grafiker:in"},{"value":"St. Christina in Gr\u00f6den (Herstellungsort)   ; Gr\u00f6den (Herstellungsort)   ; S\u00fcdtirol (Herstellungsort)   ; um 1940","label":"Entstehung"},{"value":"Papier","label":"Material"},{"value":"Bleistiftzeichnung","label":"Technik"},{"value":"Hochformat","label":"Format"},{"value":"H: 43 cm B: 29 cm","label":"Abmessungen"},{"value":"Objekt","label":"Objekttyp"},{"value":"Grafik","label":"Objektart"},{"value":"Das Findbuch zu den Best\u00e4nden der \"Kulturkommission S\u00fcdtirol\" wurde auf gemeinsame Initiative des S\u00fcdtiroler und Tiroler Landesarchivs im Rahmen des F\u00f6rderschwerpunkts \"Erinnerungskultur\" erarbeitet. Erstmals werden darin die verstreut lagernden Unterlagen und Akten der \"Kulturkommission S\u00fcdtirol\" umfassend verzeichnet und erfasst. Diese Kommission, die zwischen 1940 und dem Kriegsende 1945 aktiv war, geh\u00f6rte zur \"Forschungsgemeinschaft Deutsches Ahnenerbe\" der SS und war damit direkt Heinrich Himmler unterstellt.\rDas Findbuch kann seit 2.2.2023 online eingesehen werden.","label":"Weiterf\u00fchrende Informationen"},{"value":"\u00d6MV/67082","label":"Inventarnummer"},{"value":"recto: St. Christina Gr\u00f6dnertal (Frau Frieda Riffeser) // Erna Piffl // Tracht der Frauen beim Hochzeitsmahl\rverso: Frau Frieda Riffeser-Anri St. Christina Gr\u00f6dnertal gezeichnet von Erna Piffl aus Wien","label":"Inschrift / Aufschrift"},{"value":"Ankauf","label":"Erwerbungsart"}]}