{"viewingHint":"paged","service":[],"structures":[{"ranges":["https://sammlung.volkskundemuseum.at/i3f/v20/268698/range/269065","https://sammlung.volkskundemuseum.at/i3f/v20/268698/range/269066"],"viewingHint":"top","@id":"https://sammlung.volkskundemuseum.at/i3f/v20/268698/range/268698","@type":"sc:Range","label":"Table of Contents"},{"canvases":["https://sammlung.volkskundemuseum.at/i3f/v20/268698/canvas/269565"],"@id":"https://sammlung.volkskundemuseum.at/i3f/v20/268698/range/269065","@type":"sc:Range","label":"dig/22747: Volkskundemuseum Wien / Foto: Pixelstorm, Wien"},{"canvases":["https://sammlung.volkskundemuseum.at/i3f/v20/268698/canvas/269566"],"@id":"https://sammlung.volkskundemuseum.at/i3f/v20/268698/range/269066","@type":"sc:Range","label":"dig/22748: Volkskundemuseum Wien / Foto: Pixelstorm, Wien"}],"sequences":[{"canvases":[{"height":10094,"width":13008,"images":[{"resource":{"service":{"profile":"http://iiif.io/api/image/2/level2.json","@context":"http://iiif.io/api/image/2/context.json","@id":"https://sammlung.volkskundemuseum.at/i3f/v20/269565"},"format":"image/jpeg","height":775,"width":1000,"@id":"https://sammlung.volkskundemuseum.at/download/webcache/1000/269565","@type":"dctypes:Image"},"on":"https://sammlung.volkskundemuseum.at/i3f/v20/268698/canvas/269565","motivation":"sc:painting","@id":"https://sammlung.volkskundemuseum.at/i3f/v20/268698/annotation/269565","@type":"oa:Annotation"}],"label":"[1]","@id":"https://sammlung.volkskundemuseum.at/i3f/v20/268698/canvas/269565","@type":"sc:Canvas"},{"height":10026,"width":13132,"images":[{"resource":{"service":{"profile":"http://iiif.io/api/image/2/level2.json","@context":"http://iiif.io/api/image/2/context.json","@id":"https://sammlung.volkskundemuseum.at/i3f/v20/269566"},"format":"image/jpeg","height":763,"width":1000,"@id":"https://sammlung.volkskundemuseum.at/download/webcache/1000/269566","@type":"dctypes:Image"},"on":"https://sammlung.volkskundemuseum.at/i3f/v20/268698/canvas/269566","motivation":"sc:painting","@id":"https://sammlung.volkskundemuseum.at/i3f/v20/268698/annotation/269566","@type":"oa:Annotation"}],"label":"[2]","@id":"https://sammlung.volkskundemuseum.at/i3f/v20/268698/canvas/269566","@type":"sc:Canvas"}],"viewingHint":"paged","startCanvas":"https://sammlung.volkskundemuseum.at/i3f/v20/268698/canvas/269565","viewingDirection":"left-to-right","label":"Current Page Order","@context":"http://iiif.io/api/presentation/2/context.json","@id":"https://sammlung.volkskundemuseum.at/i3f/v20/268698/sequence/normal","@type":"sc:Sequence"}],"label":"\u00d6MV/67070: Aquarell-Temperabild: Mann beim Almabtrieb mit Kranzkuh, Kortsch bei Schlanders, S\u00fcdtirol","thumbnail":{"width":304,"height":235,"@id":"https://sammlung.volkskundemuseum.at/i3f/v21/269565/full/304/0/default.jpg","@type":"dctypes:Image","format":"image/jpeg"},"logo":{"@id":"https://sammlung.volkskundemuseum.at/domainresource/static/graphics/connectors/viewerLogo.gif","service":{"profile":"http://iiif.io/api/image/2/level2.json","@context":"http://iiif.io/api/image/2/context.json","@id":""}},"@context":"http://iiif.io/api/presentation/2/context.json","seeAlso":{"format":"application/xml","@id":"https://sammlung.volkskundemuseum.at/oai?verb=GetRecord&metadataPrefix=mets&identifier=268698","label":"METS"},"@id":"https://sammlung.volkskundemuseum.at/i3f/v20/268698/manifest","@type":"sc:Manifest","metadata":[{"value":"Moser-Piffl, Erna","label":"K\u00fcnstler:in / K\u00fcnstlergruppe / Grafiker:in"},{"value":"Kortsch bei Schlanders (Herstellungsort)   ; Vinschgau (Herstellungsort)   ; S\u00fcdtirol (Herstellungsort)   ; 1941 (datiert)","label":"Entstehung"},{"value":"Papier","label":"Material"},{"value":"Aquarell-Temperamalerei","label":"Technik"},{"value":"Hochformat","label":"Format"},{"value":"H: 40 cm B: 52 cm","label":"Abmessungen"},{"value":"Objekt","label":"Objekttyp"},{"value":"Grafik","label":"Objektart"},{"value":"Das Findbuch zu den Best\u00e4nden der \"Kulturkommission S\u00fcdtirol\" wurde auf gemeinsame Initiative des S\u00fcdtiroler und Tiroler Landesarchivs im Rahmen des F\u00f6rderschwerpunkts \"Erinnerungskultur\" erarbeitet. Erstmals werden darin die verstreut lagernden Unterlagen und Akten der \"Kulturkommission S\u00fcdtirol\" umfassend verzeichnet und erfasst. Diese Kommission, die zwischen 1940 und dem Kriegsende 1945 aktiv war, geh\u00f6rte zur \"Forschungsgemeinschaft Deutsches Ahnenerbe\" der SS und war damit direkt Heinrich Himmler unterstellt.\rDas Findbuch kann seit 2.2.2023 online eingesehen werden.","label":"Weiterf\u00fchrende Informationen"},{"value":"\u00d6MV/67070","label":"Inventarnummer"},{"value":"[\u00d6MV/67071] - Aquarellierte Tuschzeichnung: \"Alpkranz\" f\u00fcr den Almabtrieb, Kortsch bei Schlanders, S\u00fcdtirol","label":"\u00c4hnliche Objekte"},{"value":"recto: Anton Tapeiner, der \u201eGro\u00dfkuahderer\u201c, vom \u201eIrrschenhof\u201c (des Bauern Sepp Wellenzohn) mit der \u201eKranzkuah\u201c // gemalt von Erna Piffl im Vinschgau\rverso: Anton Tapeiner vom Irschenhof (Vinschgau) (Knecht) d.h. \u201eder Gro\u00dfkuaderer\u201c kommt von der Kortscher Alm herunter mit der \u201eKranzkuah\u201c // gemalt von Erna Piffl (Wien) in Kortsch dazu siehe Almkranz! extra (gemalt) // 8 B // Nr. 29","label":"Inschrift / Aufschrift"},{"value":"Ankauf","label":"Erwerbungsart"}]}