{"viewingHint":"paged","service":[],"structures":[{"ranges":["https://sammlung.volkskundemuseum.at/i3f/v20/266645/range/267323","https://sammlung.volkskundemuseum.at/i3f/v20/266645/range/267324"],"viewingHint":"top","@id":"https://sammlung.volkskundemuseum.at/i3f/v20/266645/range/266645","@type":"sc:Range","label":"Table of Contents"},{"canvases":["https://sammlung.volkskundemuseum.at/i3f/v20/266645/canvas/268065"],"@id":"https://sammlung.volkskundemuseum.at/i3f/v20/266645/range/267323","@type":"sc:Range","label":"dig/38289: Volkskundemuseum Wien / Foto: Christa Knott"},{"canvases":["https://sammlung.volkskundemuseum.at/i3f/v20/266645/canvas/268066"],"@id":"https://sammlung.volkskundemuseum.at/i3f/v20/266645/range/267324","@type":"sc:Range","label":"dig/38290: Volkskundemuseum Wien / Foto: Christa Knott"}],"sequences":[{"canvases":[{"height":5435,"width":6243,"images":[{"resource":{"service":{"profile":"http://iiif.io/api/image/2/level2.json","@context":"http://iiif.io/api/image/2/context.json","@id":"https://sammlung.volkskundemuseum.at/i3f/v20/268065"},"format":"image/jpeg","height":870,"width":1000,"@id":"https://sammlung.volkskundemuseum.at/download/webcache/1000/268065","@type":"dctypes:Image"},"on":"https://sammlung.volkskundemuseum.at/i3f/v20/266645/canvas/268065","motivation":"sc:painting","@id":"https://sammlung.volkskundemuseum.at/i3f/v20/266645/annotation/268065","@type":"oa:Annotation"}],"label":"[1]","@id":"https://sammlung.volkskundemuseum.at/i3f/v20/266645/canvas/268065","@type":"sc:Canvas"},{"height":5603,"width":6534,"images":[{"resource":{"service":{"profile":"http://iiif.io/api/image/2/level2.json","@context":"http://iiif.io/api/image/2/context.json","@id":"https://sammlung.volkskundemuseum.at/i3f/v20/268066"},"format":"image/jpeg","height":857,"width":1000,"@id":"https://sammlung.volkskundemuseum.at/download/webcache/1000/268066","@type":"dctypes:Image"},"on":"https://sammlung.volkskundemuseum.at/i3f/v20/266645/canvas/268066","motivation":"sc:painting","@id":"https://sammlung.volkskundemuseum.at/i3f/v20/266645/annotation/268066","@type":"oa:Annotation"}],"label":"[2]","@id":"https://sammlung.volkskundemuseum.at/i3f/v20/266645/canvas/268066","@type":"sc:Canvas"}],"viewingHint":"paged","startCanvas":"https://sammlung.volkskundemuseum.at/i3f/v20/266645/canvas/268065","viewingDirection":"left-to-right","label":"Current Page Order","@context":"http://iiif.io/api/presentation/2/context.json","@id":"https://sammlung.volkskundemuseum.at/i3f/v20/266645/sequence/normal","@type":"sc:Sequence"}],"label":"\u00d6MV/36967: Namensschild: Josef","thumbnail":{"width":304,"height":264,"@id":"https://sammlung.volkskundemuseum.at/i3f/v21/268065/full/304/0/default.jpg","@type":"dctypes:Image","format":"image/jpeg"},"logo":{"@id":"https://sammlung.volkskundemuseum.at/domainresource/static/graphics/connectors/viewerLogo.gif","service":{"profile":"http://iiif.io/api/image/2/level2.json","@context":"http://iiif.io/api/image/2/context.json","@id":""}},"@context":"http://iiif.io/api/presentation/2/context.json","seeAlso":{"format":"application/xml","@id":"https://sammlung.volkskundemuseum.at/oai?verb=GetRecord&metadataPrefix=mets&identifier=266645","label":"METS"},"@id":"https://sammlung.volkskundemuseum.at/i3f/v20/266645/manifest","@type":"sc:Manifest","metadata":[{"value":"Ovale Platte mit aufgew\u00f6lbtem Boden und zwei Aufh\u00e4nge\u00f6sen. In barocken Formen reliefierter Rand, mittig eine mit einem Wulst abgesetzte ovale Kartusche mit Aufschrift. \rGr\u00fcnliche Grundglasur, krakeliert, gr\u00fcn getupft, in der Kartusche helle Schrift.","label":"Beschreibung"},{"value":"unbekannt","label":"Hersteller:in"},{"value":"Gmunden (Herstellungsort)   ; 18. Jh.","label":"Entstehung"},{"value":"Lungau (Verwendungsort)   ; Salzburg (Bundesland) (Verwendungsort)   ; (Verwendungszeit, unbekannt)","label":"Verwendung"},{"value":"Fayence","label":"Material"},{"value":"modelgeformt (Keramik) ; gebrannt, Rohbrand (Keramik) ; glasiert (Keramik) ; Malhorndekor (Keramik) ; gebrannt, Glasurbrand (Keramik)","label":"Technik"},{"value":"H: 14 cm B: 16 cm T: 2 cm","label":"Abmessungen"},{"value":"Objekt","label":"Objekttyp"},{"value":"Namensschild","label":"Objektart"},{"value":"\u00d6MV/36967","label":"Inventarnummer"},{"value":"Gmundner Keramik: indifferente Farbperiode","label":"Assoziation"},{"value":"IOSEP (E und P in einem Buchstaben vereint)","label":"Inschrift / Aufschrift"},{"value":"Ankauf","label":"Erwerbungsart"},{"value":"Platte","label":"Gef\u00e4\u00dfform"}]}