{"viewingHint":"paged","service":[],"structures":[{"ranges":["https://sammlung.volkskundemuseum.at/i3f/v20/266627/range/267276","https://sammlung.volkskundemuseum.at/i3f/v20/266627/range/267277","https://sammlung.volkskundemuseum.at/i3f/v20/266627/range/267278","https://sammlung.volkskundemuseum.at/i3f/v20/266627/range/267279","https://sammlung.volkskundemuseum.at/i3f/v20/266627/range/267280"],"viewingHint":"top","@id":"https://sammlung.volkskundemuseum.at/i3f/v20/266627/range/266627","@type":"sc:Range","label":"Table of Contents"},{"canvases":["https://sammlung.volkskundemuseum.at/i3f/v20/266627/canvas/268021"],"@id":"https://sammlung.volkskundemuseum.at/i3f/v20/266627/range/267276","@type":"sc:Range","label":"dig/38030: Volkskundemuseum Wien / Foto: Christa Knott"},{"canvases":["https://sammlung.volkskundemuseum.at/i3f/v20/266627/canvas/268022"],"@id":"https://sammlung.volkskundemuseum.at/i3f/v20/266627/range/267277","@type":"sc:Range","label":"dig/38031: Volkskundemuseum Wien / Foto: Christa Knott"},{"canvases":["https://sammlung.volkskundemuseum.at/i3f/v20/266627/canvas/268023"],"@id":"https://sammlung.volkskundemuseum.at/i3f/v20/266627/range/267278","@type":"sc:Range","label":"dig/38032: Volkskundemuseum Wien / Foto: Christa Knott"},{"canvases":["https://sammlung.volkskundemuseum.at/i3f/v20/266627/canvas/268024"],"@id":"https://sammlung.volkskundemuseum.at/i3f/v20/266627/range/267279","@type":"sc:Range","label":"dig/38033: Volkskundemuseum Wien / Foto: Christa Knott"},{"canvases":["https://sammlung.volkskundemuseum.at/i3f/v20/266627/canvas/268025"],"@id":"https://sammlung.volkskundemuseum.at/i3f/v20/266627/range/267280","@type":"sc:Range","label":"dig/38034: Volkskundemuseum Wien / Foto: Christa Knott"}],"sequences":[{"canvases":[{"height":8603,"width":5303,"images":[{"resource":{"service":{"profile":"http://iiif.io/api/image/2/level2.json","@context":"http://iiif.io/api/image/2/context.json","@id":"https://sammlung.volkskundemuseum.at/i3f/v20/268021"},"format":"image/jpeg","height":1622,"width":1000,"@id":"https://sammlung.volkskundemuseum.at/download/webcache/1000/268021","@type":"dctypes:Image"},"on":"https://sammlung.volkskundemuseum.at/i3f/v20/266627/canvas/268021","motivation":"sc:painting","@id":"https://sammlung.volkskundemuseum.at/i3f/v20/266627/annotation/268021","@type":"oa:Annotation"}],"label":"[1]","@id":"https://sammlung.volkskundemuseum.at/i3f/v20/266627/canvas/268021","@type":"sc:Canvas"},{"height":8636,"width":4368,"images":[{"resource":{"service":{"profile":"http://iiif.io/api/image/2/level2.json","@context":"http://iiif.io/api/image/2/context.json","@id":"https://sammlung.volkskundemuseum.at/i3f/v20/268022"},"format":"image/jpeg","height":1977,"width":1000,"@id":"https://sammlung.volkskundemuseum.at/download/webcache/1000/268022","@type":"dctypes:Image"},"on":"https://sammlung.volkskundemuseum.at/i3f/v20/266627/canvas/268022","motivation":"sc:painting","@id":"https://sammlung.volkskundemuseum.at/i3f/v20/266627/annotation/268022","@type":"oa:Annotation"}],"label":"[2]","@id":"https://sammlung.volkskundemuseum.at/i3f/v20/266627/canvas/268022","@type":"sc:Canvas"},{"height":8568,"width":5209,"images":[{"resource":{"service":{"profile":"http://iiif.io/api/image/2/level2.json","@context":"http://iiif.io/api/image/2/context.json","@id":"https://sammlung.volkskundemuseum.at/i3f/v20/268023"},"format":"image/jpeg","height":1644,"width":1000,"@id":"https://sammlung.volkskundemuseum.at/download/webcache/1000/268023","@type":"dctypes:Image"},"on":"https://sammlung.volkskundemuseum.at/i3f/v20/266627/canvas/268023","motivation":"sc:painting","@id":"https://sammlung.volkskundemuseum.at/i3f/v20/266627/annotation/268023","@type":"oa:Annotation"}],"label":"[3]","@id":"https://sammlung.volkskundemuseum.at/i3f/v20/266627/canvas/268023","@type":"sc:Canvas"},{"height":8412,"width":3971,"images":[{"resource":{"service":{"profile":"http://iiif.io/api/image/2/level2.json","@context":"http://iiif.io/api/image/2/context.json","@id":"https://sammlung.volkskundemuseum.at/i3f/v20/268024"},"format":"image/jpeg","height":2118,"width":1000,"@id":"https://sammlung.volkskundemuseum.at/download/webcache/1000/268024","@type":"dctypes:Image"},"on":"https://sammlung.volkskundemuseum.at/i3f/v20/266627/canvas/268024","motivation":"sc:painting","@id":"https://sammlung.volkskundemuseum.at/i3f/v20/266627/annotation/268024","@type":"oa:Annotation"}],"label":"[4]","@id":"https://sammlung.volkskundemuseum.at/i3f/v20/266627/canvas/268024","@type":"sc:Canvas"},{"height":5719,"width":4160,"images":[{"resource":{"service":{"profile":"http://iiif.io/api/image/2/level2.json","@context":"http://iiif.io/api/image/2/context.json","@id":"https://sammlung.volkskundemuseum.at/i3f/v20/268025"},"format":"image/jpeg","height":1374,"width":1000,"@id":"https://sammlung.volkskundemuseum.at/download/webcache/1000/268025","@type":"dctypes:Image"},"on":"https://sammlung.volkskundemuseum.at/i3f/v20/266627/canvas/268025","motivation":"sc:painting","@id":"https://sammlung.volkskundemuseum.at/i3f/v20/266627/annotation/268025","@type":"oa:Annotation"}],"label":"[5]","@id":"https://sammlung.volkskundemuseum.at/i3f/v20/266627/canvas/268025","@type":"sc:Canvas"}],"viewingHint":"paged","startCanvas":"https://sammlung.volkskundemuseum.at/i3f/v20/266627/canvas/268021","viewingDirection":"left-to-right","label":"Current Page Order","@context":"http://iiif.io/api/presentation/2/context.json","@id":"https://sammlung.volkskundemuseum.at/i3f/v20/266627/sequence/normal","@type":"sc:Sequence"}],"label":"\u00d6MV/36021: Krug mit Zinnmontierung: Religion","thumbnail":{"width":304,"height":493,"@id":"https://sammlung.volkskundemuseum.at/i3f/v21/268021/full/304/0/default.jpg","@type":"dctypes:Image","format":"image/jpeg"},"logo":{"@id":"https://sammlung.volkskundemuseum.at/domainresource/static/graphics/connectors/viewerLogo.gif","service":{"profile":"http://iiif.io/api/image/2/level2.json","@context":"http://iiif.io/api/image/2/context.json","@id":""}},"@context":"http://iiif.io/api/presentation/2/context.json","seeAlso":{"format":"application/xml","@id":"https://sammlung.volkskundemuseum.at/oai?verb=GetRecord&metadataPrefix=mets&identifier=266627","label":"METS"},"@id":"https://sammlung.volkskundemuseum.at/i3f/v20/266627/manifest","@type":"sc:Manifest","metadata":[{"value":"Birnf\u00f6rmiger hoher Krug mit flachem Boden, ausgestelltem Fu\u00df, leicht ausbiegendem Hals und geradem rundem Rand, gebrochen und zusammengef\u00fcgt. Garnierter Bandhenkel, zweigeteilt, mit wulstf\u00f6rmigem Grat, am Anfang und am Ende blattf\u00f6rmige Reliefauflagen.  \rWei\u00dfe Grundglasur, \u00fcppige alles bedeckende Bemalung in hellen Scharffeuerfarben: In einem barocken Rankenwerk sind drei Medaillons: vorne Johannes der T\u00e4ufer mit Jesus als Kinder in einer  arkadischen Landschaft, seitlich die Heiligen Petrus und Paulus. Darunter und dar\u00fcber blaue Linien, dann Bord\u00fcren aus Blumenranken, ganz unten Bogenreihe. Datierung unter dem  Henkelende. Der Henkel ist gebrochen, geklebt und ebenso mit Rankenwerk verziert. \rDie Zinnmontierung besteht aus einem Fu\u00dfreif und einem \u00fcbergreifenden getreppten Deckel mit Kugeldr\u00fccker. Auf dem Deckel ziseliertes Monogramm MM, ungemarkt.","label":"Beschreibung"},{"value":"unbekannt","label":"Hersteller:in"},{"value":"Gmunden (Herstellungsort)   ; 1760 (datiert)","label":"Entstehung"},{"value":"Fayence ; Zinn","label":"Material"},{"value":"gedreht (Keramik) ; gemodelt (Keramik) ; montiert (Keramik) ; gebrannt, Rohbrand (Keramik) ; glasiert (Keramik) ; Pinseldekor (Keramik) ; gebrannt, Glasurbrand (Keramik) ; Zinnmontierung","label":"Technik"},{"value":"H: 24 cm H mit Deckel: 29 cm D Boden: 10 cm D Rand: 9,3 cm B max: 18 cm","label":"Abmessungen"},{"value":"Objekt","label":"Objekttyp"},{"value":"Deckelkrug","label":"Objektart"},{"value":"\u00d6MV/36021","label":"Inventarnummer"},{"value":"Gmundner Keramik: blau-bunte Farbperiode","label":"Assoziation"},{"value":"S. PAULUS /// S: BAPTISDA /// S. PETRUS /// 1760","label":"Inschrift / Aufschrift"},{"value":"Ankauf","label":"Erwerbungsart"},{"value":"Birnkrug","label":"Gef\u00e4\u00dfform"}]}