{"viewingHint":"paged","service":[],"structures":[{"ranges":["https://sammlung.volkskundemuseum.at/i3f/v20/266521/range/267030","https://sammlung.volkskundemuseum.at/i3f/v20/266521/range/267031"],"viewingHint":"top","@id":"https://sammlung.volkskundemuseum.at/i3f/v20/266521/range/266521","@type":"sc:Range","label":"Table of Contents"},{"canvases":["https://sammlung.volkskundemuseum.at/i3f/v20/266521/canvas/267784"],"@id":"https://sammlung.volkskundemuseum.at/i3f/v20/266521/range/267030","@type":"sc:Range","label":"dig/37775: Volkskundemuseum Wien / Foto: Christa Knott"},{"canvases":["https://sammlung.volkskundemuseum.at/i3f/v20/266521/canvas/267785"],"@id":"https://sammlung.volkskundemuseum.at/i3f/v20/266521/range/267031","@type":"sc:Range","label":"dig/37776: Volkskundemuseum Wien / Foto: Christa Knott"}],"sequences":[{"canvases":[{"height":7309,"width":4609,"images":[{"resource":{"service":{"profile":"http://iiif.io/api/image/2/level2.json","@context":"http://iiif.io/api/image/2/context.json","@id":"https://sammlung.volkskundemuseum.at/i3f/v20/267784"},"format":"image/jpeg","height":1585,"width":1000,"@id":"https://sammlung.volkskundemuseum.at/download/webcache/1000/267784","@type":"dctypes:Image"},"on":"https://sammlung.volkskundemuseum.at/i3f/v20/266521/canvas/267784","motivation":"sc:painting","@id":"https://sammlung.volkskundemuseum.at/i3f/v20/266521/annotation/267784","@type":"oa:Annotation"}],"label":"[1]","@id":"https://sammlung.volkskundemuseum.at/i3f/v20/266521/canvas/267784","@type":"sc:Canvas"},{"height":7302,"width":5948,"images":[{"resource":{"service":{"profile":"http://iiif.io/api/image/2/level2.json","@context":"http://iiif.io/api/image/2/context.json","@id":"https://sammlung.volkskundemuseum.at/i3f/v20/267785"},"format":"image/jpeg","height":1227,"width":1000,"@id":"https://sammlung.volkskundemuseum.at/download/webcache/1000/267785","@type":"dctypes:Image"},"on":"https://sammlung.volkskundemuseum.at/i3f/v20/266521/canvas/267785","motivation":"sc:painting","@id":"https://sammlung.volkskundemuseum.at/i3f/v20/266521/annotation/267785","@type":"oa:Annotation"}],"label":"[2]","@id":"https://sammlung.volkskundemuseum.at/i3f/v20/266521/canvas/267785","@type":"sc:Canvas"}],"viewingHint":"paged","startCanvas":"https://sammlung.volkskundemuseum.at/i3f/v20/266521/canvas/267784","viewingDirection":"left-to-right","label":"Current Page Order","@context":"http://iiif.io/api/presentation/2/context.json","@id":"https://sammlung.volkskundemuseum.at/i3f/v20/266521/sequence/normal","@type":"sc:Sequence"}],"label":"\u00d6MV/24185: Birnkrug: Architektur","thumbnail":{"width":304,"height":482,"@id":"https://sammlung.volkskundemuseum.at/i3f/v21/267784/full/304/0/default.jpg","@type":"dctypes:Image","format":"image/jpeg"},"logo":{"@id":"https://sammlung.volkskundemuseum.at/domainresource/static/graphics/connectors/viewerLogo.gif","service":{"profile":"http://iiif.io/api/image/2/level2.json","@context":"http://iiif.io/api/image/2/context.json","@id":""}},"@context":"http://iiif.io/api/presentation/2/context.json","seeAlso":{"format":"application/xml","@id":"https://sammlung.volkskundemuseum.at/oai?verb=GetRecord&metadataPrefix=mets&identifier=266521","label":"METS"},"@id":"https://sammlung.volkskundemuseum.at/i3f/v20/266521/manifest","@type":"sc:Manifest","metadata":[{"value":"Flacher Standboden und leicht ausgestellter Fu\u00df, birnf\u00f6rmige Form, leicht ausbiegender Hals und gerader runder Rand. Schmaler Bandhenkel mit schneckenf\u00f6rmigem aufgelegtem Ende, ein Loch f\u00fcr eine fehlende Zinnmontierung ist vorhanden.  \rWei\u00dfe Grundglasur, Bemalung in allen Scharffeuerfarben, wobei die blaue Farbe dominiert: Architekturmotiv mit H\u00e4usern und T\u00fcrmen, mit gelben und gr\u00fcnen D\u00e4chern. Blaue B\u00e4ume, manganbraune Z\u00e4une und gr\u00fcne Maigl\u00f6ckchen. Horizontal umlaufende blaue Linien, seitlich vom blauen quergestreiften Henkel je vier breite Querstriche.","label":"Beschreibung"},{"value":"unbekannt","label":"Hersteller:in"},{"value":"Gmunden (Herstellungsort)   ; 2. H\u00e4lfte 18. Jh.","label":"Entstehung"},{"value":"Fayence","label":"Material"},{"value":"gedreht (Keramik) ; gebrannt, Rohbrand (Keramik) ; glasiert (Keramik) ; Pinseldekor (Keramik) ; gebrannt, Glasurbrand (Keramik)","label":"Technik"},{"value":"H: 13 cm D Boden: 5,5 cm D Rand: 6,2 cm D max: 11,5 cm","label":"Abmessungen"},{"value":"Objekt","label":"Objekttyp"},{"value":"Krug","label":"Objektart"},{"value":"\u00d6MV/24185","label":"Inventarnummer"},{"value":"Gmundner Keramik: blau-bunte Farbperiode","label":"Assoziation"},{"value":"Ankauf","label":"Erwerbungsart"},{"value":"Birnkrug","label":"Gef\u00e4\u00dfform"}]}