{"viewingHint":"paged","service":[],"structures":[{"ranges":["https://sammlung.volkskundemuseum.at/i3f/v20/266494/range/266984"],"viewingHint":"top","@id":"https://sammlung.volkskundemuseum.at/i3f/v20/266494/range/266494","@type":"sc:Range","label":"Table of Contents"},{"canvases":["https://sammlung.volkskundemuseum.at/i3f/v20/266494/canvas/267739"],"@id":"https://sammlung.volkskundemuseum.at/i3f/v20/266494/range/266984","@type":"sc:Range","label":"dig/38103: Volkskundemuseum Wien / Foto: Christa Knott"}],"sequences":[{"canvases":[{"height":6345,"width":6624,"images":[{"resource":{"service":{"profile":"http://iiif.io/api/image/2/level2.json","@context":"http://iiif.io/api/image/2/context.json","@id":"https://sammlung.volkskundemuseum.at/i3f/v20/267739"},"format":"image/jpeg","height":957,"width":1000,"@id":"https://sammlung.volkskundemuseum.at/download/webcache/1000/267739","@type":"dctypes:Image"},"on":"https://sammlung.volkskundemuseum.at/i3f/v20/266494/canvas/267739","motivation":"sc:painting","@id":"https://sammlung.volkskundemuseum.at/i3f/v20/266494/annotation/267739","@type":"oa:Annotation"}],"label":"[1]","@id":"https://sammlung.volkskundemuseum.at/i3f/v20/266494/canvas/267739","@type":"sc:Canvas"}],"viewingHint":"paged","startCanvas":"https://sammlung.volkskundemuseum.at/i3f/v20/266494/canvas/267739","viewingDirection":"left-to-right","label":"Current Page Order","@context":"http://iiif.io/api/presentation/2/context.json","@id":"https://sammlung.volkskundemuseum.at/i3f/v20/266494/sequence/normal","@type":"sc:Sequence"}],"label":"\u00d6MV/23095: Teller: Flora","thumbnail":{"width":304,"height":291,"@id":"https://sammlung.volkskundemuseum.at/i3f/v21/267739/full/304/0/default.jpg","@type":"dctypes:Image","format":"image/jpeg"},"logo":{"@id":"https://sammlung.volkskundemuseum.at/domainresource/static/graphics/connectors/viewerLogo.gif","service":{"profile":"http://iiif.io/api/image/2/level2.json","@context":"http://iiif.io/api/image/2/context.json","@id":""}},"@context":"http://iiif.io/api/presentation/2/context.json","seeAlso":{"format":"application/xml","@id":"https://sammlung.volkskundemuseum.at/oai?verb=GetRecord&metadataPrefix=mets&identifier=266494","label":"METS"},"@id":"https://sammlung.volkskundemuseum.at/i3f/v20/266494/manifest","@type":"sc:Manifest","metadata":[{"value":"Flacher Standboden mit zwei konzentrischen Doppelrillen, gerundeter Bodenrand, kurze gebauchte Wandung, kantiger Umbruch zur kurzen leicht aufbiegenden Fahne, scharfe Rille und abfallender Lippenrand.\rDie Unterseite ist einfach glasiert mit Spuren vom Festkleben der Glasur im Brennofen, auf der Schauseite schmutzigwei\u00dfe Grundglasur, wobei auch hier die r\u00f6tliche Scherbenfabe durchscheint. \u00dcppige Pinselmalerei in blauer Farbe: In der Mulde Korb mit Bl\u00fcten oder Fr\u00fcchten zwischen Zweigen, Rankenwerk auf der Fahne, \rder Rand ist blau gestreift.","label":"Beschreibung"},{"value":"unbekannt","label":"Hersteller:in"},{"value":"Gmunden (Herstellungsort)   ; 2. Viertel 18. Jh.","label":"Entstehung"},{"value":"Fayence","label":"Material"},{"value":"gedreht (Keramik) ; gebrannt, Rohbrand (Keramik) ; glasiert (Keramik) ; Pinseldekor (Keramik) ; gebrannt, Glasurbrand (Keramik)","label":"Technik"},{"value":"H: 3,8 cm D Boden: 12 cm D Rand: 25,7 cm","label":"Abmessungen"},{"value":"Objekt","label":"Objekttyp"},{"value":"Teller (Keramik)","label":"Objektart"},{"value":"\u00d6MV/23095","label":"Inventarnummer"},{"value":"Gmundner Keramik: blaue Farbperiode","label":"Assoziation"},{"value":"Ankauf","label":"Erwerbungsart"},{"value":"Teller","label":"Gef\u00e4\u00dfform"}]}