{"viewingHint":"paged","service":[],"structures":[{"ranges":["https://sammlung.volkskundemuseum.at/i3f/v20/266410/range/266823"],"viewingHint":"top","@id":"https://sammlung.volkskundemuseum.at/i3f/v20/266410/range/266410","@type":"sc:Range","label":"Table of Contents"},{"canvases":["https://sammlung.volkskundemuseum.at/i3f/v20/266410/canvas/267583"],"@id":"https://sammlung.volkskundemuseum.at/i3f/v20/266410/range/266823","@type":"sc:Range","label":"dig/38095: Volkskundemuseum Wien / Foto: Christa Knott"}],"sequences":[{"canvases":[{"height":6222,"width":6123,"images":[{"resource":{"service":{"profile":"http://iiif.io/api/image/2/level2.json","@context":"http://iiif.io/api/image/2/context.json","@id":"https://sammlung.volkskundemuseum.at/i3f/v20/267583"},"format":"image/jpeg","height":1016,"width":1000,"@id":"https://sammlung.volkskundemuseum.at/download/webcache/1000/267583","@type":"dctypes:Image"},"on":"https://sammlung.volkskundemuseum.at/i3f/v20/266410/canvas/267583","motivation":"sc:painting","@id":"https://sammlung.volkskundemuseum.at/i3f/v20/266410/annotation/267583","@type":"oa:Annotation"}],"label":"[1]","@id":"https://sammlung.volkskundemuseum.at/i3f/v20/266410/canvas/267583","@type":"sc:Canvas"}],"viewingHint":"paged","startCanvas":"https://sammlung.volkskundemuseum.at/i3f/v20/266410/canvas/267583","viewingDirection":"left-to-right","label":"Current Page Order","@context":"http://iiif.io/api/presentation/2/context.json","@id":"https://sammlung.volkskundemuseum.at/i3f/v20/266410/sequence/normal","@type":"sc:Sequence"}],"label":"\u00d6MV/16729: Tiefer Teller: Flora","thumbnail":{"width":304,"height":308,"@id":"https://sammlung.volkskundemuseum.at/i3f/v21/267583/full/304/0/default.jpg","@type":"dctypes:Image","format":"image/jpeg"},"logo":{"@id":"https://sammlung.volkskundemuseum.at/domainresource/static/graphics/connectors/viewerLogo.gif","service":{"profile":"http://iiif.io/api/image/2/level2.json","@context":"http://iiif.io/api/image/2/context.json","@id":""}},"@context":"http://iiif.io/api/presentation/2/context.json","seeAlso":{"format":"application/xml","@id":"https://sammlung.volkskundemuseum.at/oai?verb=GetRecord&metadataPrefix=mets&identifier=266410","label":"METS"},"@id":"https://sammlung.volkskundemuseum.at/i3f/v20/266410/manifest","@type":"sc:Manifest","metadata":[{"value":"Flacher Standboden, gerundeter Bodenrand, kantiger Umbruch zur kurzen flachen Fahne, verst\u00e4rkter runder Rand.\rIm Boden eine doppelte Kreisrille, viele Nadelstiche auf der Unterseite.\rKomplett mit wei\u00dfer Grundglasur \u00fcberzogen, krakeliert, darauf Blumen und Bl\u00fctenzweige in der Mulde und auf der Fahne mit Tulpen, Rosen und Veilchen. Gr\u00fcn gestreifter Rand.","label":"Beschreibung"},{"value":"unbekannt","label":"Hersteller:in"},{"value":"Gmunden (Herstellungsort)   ; 2. H\u00e4lfte 19. Jh.","label":"Entstehung"},{"value":"Fayence","label":"Material"},{"value":"gedreht (Keramik) ; gebrannt, Rohbrand (Keramik) ; glasiert (Keramik) ; Pinseldekor (Keramik) ; gebrannt, Glasurbrand (Keramik)","label":"Technik"},{"value":"H: 4 cm D Boden: 13,5 cm D Rand: 22,4 cm","label":"Abmessungen"},{"value":"Objekt","label":"Objekttyp"},{"value":"Teller (Keramik)","label":"Objektart"},{"value":"\u00d6MV/16729","label":"Inventarnummer"},{"value":"Gmundner Keramik: gr\u00fcn-bunte Farbperiode","label":"Assoziation"},{"value":"Ankauf","label":"Erwerbungsart"},{"value":"Teller","label":"Gef\u00e4\u00dfform"}]}