{"viewingHint":"paged","service":[],"structures":[{"ranges":["https://sammlung.volkskundemuseum.at/i3f/v20/261058/range/262694"],"viewingHint":"top","@id":"https://sammlung.volkskundemuseum.at/i3f/v20/261058/range/261058","@type":"sc:Range","label":"Table of Contents"},{"canvases":["https://sammlung.volkskundemuseum.at/i3f/v20/261058/canvas/264859"],"@id":"https://sammlung.volkskundemuseum.at/i3f/v20/261058/range/262694","@type":"sc:Range","label":"dig/16329: Volkskundemuseum Wien"}],"sequences":[{"canvases":[{"height":7205,"width":5235,"images":[{"resource":{"service":{"profile":"http://iiif.io/api/image/2/level2.json","@context":"http://iiif.io/api/image/2/context.json","@id":"https://sammlung.volkskundemuseum.at/i3f/v20/264859"},"format":"image/jpeg","height":1376,"width":1000,"@id":"https://sammlung.volkskundemuseum.at/download/webcache/1000/264859","@type":"dctypes:Image"},"on":"https://sammlung.volkskundemuseum.at/i3f/v20/261058/canvas/264859","motivation":"sc:painting","@id":"https://sammlung.volkskundemuseum.at/i3f/v20/261058/annotation/264859","@type":"oa:Annotation"}],"label":"[1]","@id":"https://sammlung.volkskundemuseum.at/i3f/v20/261058/canvas/264859","@type":"sc:Canvas"}],"viewingHint":"paged","startCanvas":"https://sammlung.volkskundemuseum.at/i3f/v20/261058/canvas/264859","viewingDirection":"left-to-right","label":"Current Page Order","@context":"http://iiif.io/api/presentation/2/context.json","@id":"https://sammlung.volkskundemuseum.at/i3f/v20/261058/sequence/normal","@type":"sc:Sequence"}],"label":"A\u00d6MV/15599: Andachtsbild: Hl. Erhard von Regensburg tauft die Hl. Ottilie (aus: Bavaria sancta, Band 1)","thumbnail":{"width":304,"height":418,"@id":"https://sammlung.volkskundemuseum.at/i3f/v21/264859/full/304/0/default.jpg","@type":"dctypes:Image","format":"image/jpeg"},"logo":{"@id":"https://sammlung.volkskundemuseum.at/domainresource/static/graphics/connectors/viewerLogo.gif","service":{"profile":"http://iiif.io/api/image/2/level2.json","@context":"http://iiif.io/api/image/2/context.json","@id":""}},"@context":"http://iiif.io/api/presentation/2/context.json","seeAlso":{"format":"application/xml","@id":"https://sammlung.volkskundemuseum.at/oai?verb=GetRecord&metadataPrefix=mets&identifier=261058","label":"METS"},"@id":"https://sammlung.volkskundemuseum.at/i3f/v20/261058/manifest","@type":"sc:Manifest","metadata":[{"value":"Gugitz, Gustav","label":"Collector"},{"value":"Rader, Matth\u00e4us","label":"Editor"},{"value":"Sadeler, Raphael I","label":"Engraver"},{"value":"M\u00fcnchen (Verlagsort)   ; vor 1615","label":"Creation"},{"value":"Papier","label":"Material"},{"value":"Kupferstich","label":"Technique"},{"value":"H: 22,3 cm B: 15,9 cm","label":"Dimensions"},{"value":"Objekt","label":"Object Category"},{"value":"Andachtsbild, kleines","label":"Object Name"},{"value":"Buchseite aus: \rRader, Matth\u00e4us (Hg.): Bavaria Sancta, Bd. 1. M\u00fcnchen 1615, S. 55.","label":"Documentation"},{"value":"A\u00d6MV/15599","label":"Inventory number"},{"value":"Armut und Krankheit  / Bavaria Sancta","label":"Association"},{"value":"Ankauf","label":"Acquisition type"}]}